{"id":5462,"date":"2019-02-28T19:39:56","date_gmt":"2019-02-28T22:39:56","guid":{"rendered":"http:\/\/sinpro-al.com.br\/v2\/?p=5462"},"modified":"2019-02-28T19:39:58","modified_gmt":"2019-02-28T22:39:58","slug":"presidente-do-sinpro-al-se-reune-com-coordenador-da-bancada-alagoas-no-congresso-nacional","status":"publish","type":"post","link":"http:\/\/sinpro-al.com.br\/v2\/?p=5462","title":{"rendered":"Presidente do Sinpro\/AL se re\u00fane com coordenador da bancada alagoas no Congresso Nacional"},"content":{"rendered":"\n<figure class=\"wp-block-image\"><img loading=\"lazy\" decoding=\"async\" width=\"960\" height=\"540\" src=\"http:\/\/sinpro-al.com.br\/v2\/wp-content\/uploads\/2019\/02\/Eduardo-e-Marx.jpg\" alt=\"\" class=\"wp-image-5463\" srcset=\"http:\/\/sinpro-al.com.br\/v2\/wp-content\/uploads\/2019\/02\/Eduardo-e-Marx.jpg 960w, http:\/\/sinpro-al.com.br\/v2\/wp-content\/uploads\/2019\/02\/Eduardo-e-Marx-300x169.jpg 300w, http:\/\/sinpro-al.com.br\/v2\/wp-content\/uploads\/2019\/02\/Eduardo-e-Marx-768x432.jpg 768w\" sizes=\"auto, (max-width: 960px) 100vw, 960px\" \/><\/figure>\n\n\n\n<p>Presidente do Sinpro\/AL se re\u00fane com coordenador da bancada federal de Alagoas no Congresso Nacional<\/p>\n\n\n\n<p> O presidente do Sindicato dos Professores do Estado de Alagoas, professor Eduardo Vasconcelos, esteve reunido na tarde de hoje com o deputado federal e coordenador da bancada federal no Congresso Nacional, Marx Beltr\u00e3o, para tratar sobre os efeitos mal\u00e9ficos da PEC 06\/2019, conhecida como Reforma da Previd\u00eancia, apresentada pelo Poder Executivo \u00e0 C\u00e2mara dos Deputados. <\/p>\n\n\n\n<p> O representante do Sindicato entregou ao parlamentar um estudo a respeito do alto n\u00famero de adoecimento da categoria devido ao excesso de trabalho, bem como um artigo de autoria do consultor jur\u00eddico da Contee, dr. Jos\u00e9 Geraldo Santana que faz um profundo levantamento sobre os ataques diretos e indiretos aos direitos dos docentes contidos na proposta de Reforma da Previd\u00eancia.<\/p>\n\n\n\n<p> O deputado federal, Marx Beltr\u00e3o, deixou bem claro:<\/p>\n\n\n\n<p> \u201cTenho defendido, antes mesmo da chegada da reforma da previd\u00eancia ao Congresso, que as mudan\u00e7as precisam ser justas com a popula\u00e7\u00e3o mais pobre e combater privil\u00e9gios hist\u00f3ricos. Esse \u00e9 um ponto de partida inegoci\u00e1vel. \u00c9 o debate que estamos propondo na C\u00e2mara, com os segmentos e que vamos enfrentar para garantir que aqueles que mais precisam n\u00e3o sejam prejudicados.\u201d<\/p>\n\n\n\n<p> Ficou acertado que outros encontros acontecer\u00e3o para se aprofundar no tema e debater, at\u00e9 mesmo, uma cria\u00e7\u00e3o de uma contraproposta a ser apresentada pelo parlamentar. <\/p>\n\n\n\n<p> Seguimos atentos a este momento de imensa dificuldade para o futuro de todos os professores e professoras do Brasil.<\/p>\n\n\n\n<p> Somos professores com orgulho e exigimos respeito!<\/p>\n","protected":false},"excerpt":{"rendered":"<p>Presidente do Sinpro\/AL se re\u00fane com coordenador da bancada federal de Alagoas no Congresso Nacional O presidente do Sindicato dos Professores do Estado de Alagoas, professor Eduardo Vasconcelos, esteve reunido na tarde de hoje com o deputado federal e coordenador da bancada federal no Congresso Nacional, Marx Beltr\u00e3o, para tratar sobre os efeitos mal\u00e9ficos da [&hellip;]<\/p>\n","protected":false},"author":4,"featured_media":0,"comment_status":"open","ping_status":"open","sticky":true,"template":"","format":"standard","meta":{"footnotes":""},"categories":[4],"tags":[],"class_list":["post-5462","post","type-post","status-publish","format-standard","hentry","category-noticias-sinpro-al"],"_links":{"self":[{"href":"http:\/\/sinpro-al.com.br\/v2\/index.php?rest_route=\/wp\/v2\/posts\/5462","targetHints":{"allow":["GET"]}}],"collection":[{"href":"http:\/\/sinpro-al.com.br\/v2\/index.php?rest_route=\/wp\/v2\/posts"}],"about":[{"href":"http:\/\/sinpro-al.com.br\/v2\/index.php?rest_route=\/wp\/v2\/types\/post"}],"author":[{"embeddable":true,"href":"http:\/\/sinpro-al.com.br\/v2\/index.php?rest_route=\/wp\/v2\/users\/4"}],"replies":[{"embeddable":true,"href":"http:\/\/sinpro-al.com.br\/v2\/index.php?rest_route=%2Fwp%2Fv2%2Fcomments&post=5462"}],"version-history":[{"count":1,"href":"http:\/\/sinpro-al.com.br\/v2\/index.php?rest_route=\/wp\/v2\/posts\/5462\/revisions"}],"predecessor-version":[{"id":5465,"href":"http:\/\/sinpro-al.com.br\/v2\/index.php?rest_route=\/wp\/v2\/posts\/5462\/revisions\/5465"}],"wp:attachment":[{"href":"http:\/\/sinpro-al.com.br\/v2\/index.php?rest_route=%2Fwp%2Fv2%2Fmedia&parent=5462"}],"wp:term":[{"taxonomy":"category","embeddable":true,"href":"http:\/\/sinpro-al.com.br\/v2\/index.php?rest_route=%2Fwp%2Fv2%2Fcategories&post=5462"},{"taxonomy":"post_tag","embeddable":true,"href":"http:\/\/sinpro-al.com.br\/v2\/index.php?rest_route=%2Fwp%2Fv2%2Ftags&post=5462"}],"curies":[{"name":"wp","href":"https:\/\/api.w.org\/{rel}","templated":true}]}}