{"id":5426,"date":"2018-08-23T12:58:44","date_gmt":"2018-08-23T15:58:44","guid":{"rendered":"http:\/\/sinpro-al.com.br\/v2\/?p=5426"},"modified":"2018-08-23T12:58:44","modified_gmt":"2018-08-23T15:58:44","slug":"convocacao-de-assembleia-geral","status":"publish","type":"post","link":"http:\/\/sinpro-al.com.br\/v2\/?p=5426","title":{"rendered":"CONVOCA\u00c7\u00c3O DE ASSEMBLEIA GERAL"},"content":{"rendered":"\n\t\t<style type=\"text\/css\">\n\t\t\t#gallery-1 {\n\t\t\t\tmargin: auto;\n\t\t\t}\n\t\t\t#gallery-1 .gallery-item {\n\t\t\t\tfloat: left;\n\t\t\t\tmargin-top: 10px;\n\t\t\t\ttext-align: center;\n\t\t\t\twidth: 33%;\n\t\t\t}\n\t\t\t#gallery-1 img {\n\t\t\t\tborder: 2px solid #cfcfcf;\n\t\t\t}\n\t\t\t#gallery-1 .gallery-caption {\n\t\t\t\tmargin-left: 0;\n\t\t\t}\n\t\t\t\/* see gallery_shortcode() in wp-includes\/media.php *\/\n\t\t<\/style>\n\t\t<div id='gallery-1' class='gallery galleryid-5426 gallery-columns-3 gallery-size-thumbnail'><dl class='gallery-item'>\n\t\t\t<dt class='gallery-icon landscape'>\n\t\t\t\t<a href='http:\/\/sinpro-al.com.br\/v2\/?attachment_id=4861'><img loading=\"lazy\" decoding=\"async\" width=\"150\" height=\"150\" src=\"http:\/\/sinpro-al.com.br\/v2\/wp-content\/uploads\/2017\/11\/Justi\u00e7a-do-Trabalho-150x150.jpg\" class=\"attachment-thumbnail size-thumbnail\" alt=\"\" srcset=\"http:\/\/sinpro-al.com.br\/v2\/wp-content\/uploads\/2017\/11\/Justi\u00e7a-do-Trabalho-150x150.jpg 150w, http:\/\/sinpro-al.com.br\/v2\/wp-content\/uploads\/2017\/11\/Justi\u00e7a-do-Trabalho-45x45.jpg 45w\" sizes=\"auto, (max-width: 150px) 100vw, 150px\" \/><\/a>\n\t\t\t<\/dt><\/dl>\n\t\t\t<br style='clear: both' \/>\n\t\t<\/div>\n\n<p>EDITAL DE CONVOCA\u00c7\u00c3O DE ASSEMBLEIA GERAL<\/p>\n<p>O SINDICATO DOS PROFESSORES DO ESTADO DE ALAGOAS \u2013 SINPRO\/AL, atrav\u00e9s de seu Diretor Presidente, CONVOCA os docentes associados e quites com suas obriga\u00e7\u00f5es legais e estatut\u00e1rias, para uma assembleia geral para o pr\u00f3ximo dia 01\/09\/2018, no audit\u00f3rio do SINTEP \u2013 SINDICATO DOS TRABALHADORES EM ESTABELECIMENTOS PRIVADOS DE MACEI\u00d3, Endere\u00e7o: R. Lourival Vieira Costa, n 32, Prado, Macei\u00f3 \u2013 AL, 57010-290, \u00e0s 12h em primeira convoca\u00e7\u00e3o e \u00e0s 12h30, em segunda e \u00faltima.<\/p>\n<p>Pauta: AUTORIZA\u00c7\u00c3O DA CATEGORIA DO ENSINO B\u00c1SICO PARA ENTRADA COM A A\u00c7\u00c3O DE DISS\u00cdDIO COLETIVO NA JUSTI\u00c7A DO TRABALHO.<\/p>\n<p>Macei\u00f3, Alagoas, 23 de agosto de 2018.<\/p>\n<p>Jos\u00e9 Nivaldo Cardozo Mota<br \/>\nPresidente em Exerc\u00edcio do Sinpro de Alagoas<\/p>\n","protected":false},"excerpt":{"rendered":"<p>EDITAL DE CONVOCA\u00c7\u00c3O DE ASSEMBLEIA GERAL O SINDICATO DOS PROFESSORES DO ESTADO DE ALAGOAS \u2013 SINPRO\/AL, atrav\u00e9s de seu Diretor Presidente, CONVOCA os docentes associados e quites com suas obriga\u00e7\u00f5es legais e estatut\u00e1rias, para uma assembleia geral para o pr\u00f3ximo dia 01\/09\/2018, no audit\u00f3rio do SINTEP \u2013 SINDICATO DOS TRABALHADORES EM ESTABELECIMENTOS PRIVADOS DE MACEI\u00d3, [&hellip;]<\/p>\n","protected":false},"author":4,"featured_media":0,"comment_status":"open","ping_status":"open","sticky":false,"template":"","format":"standard","meta":{"footnotes":""},"categories":[4],"tags":[],"class_list":["post-5426","post","type-post","status-publish","format-standard","hentry","category-noticias-sinpro-al"],"_links":{"self":[{"href":"http:\/\/sinpro-al.com.br\/v2\/index.php?rest_route=\/wp\/v2\/posts\/5426","targetHints":{"allow":["GET"]}}],"collection":[{"href":"http:\/\/sinpro-al.com.br\/v2\/index.php?rest_route=\/wp\/v2\/posts"}],"about":[{"href":"http:\/\/sinpro-al.com.br\/v2\/index.php?rest_route=\/wp\/v2\/types\/post"}],"author":[{"embeddable":true,"href":"http:\/\/sinpro-al.com.br\/v2\/index.php?rest_route=\/wp\/v2\/users\/4"}],"replies":[{"embeddable":true,"href":"http:\/\/sinpro-al.com.br\/v2\/index.php?rest_route=%2Fwp%2Fv2%2Fcomments&post=5426"}],"version-history":[{"count":2,"href":"http:\/\/sinpro-al.com.br\/v2\/index.php?rest_route=\/wp\/v2\/posts\/5426\/revisions"}],"predecessor-version":[{"id":5429,"href":"http:\/\/sinpro-al.com.br\/v2\/index.php?rest_route=\/wp\/v2\/posts\/5426\/revisions\/5429"}],"wp:attachment":[{"href":"http:\/\/sinpro-al.com.br\/v2\/index.php?rest_route=%2Fwp%2Fv2%2Fmedia&parent=5426"}],"wp:term":[{"taxonomy":"category","embeddable":true,"href":"http:\/\/sinpro-al.com.br\/v2\/index.php?rest_route=%2Fwp%2Fv2%2Fcategories&post=5426"},{"taxonomy":"post_tag","embeddable":true,"href":"http:\/\/sinpro-al.com.br\/v2\/index.php?rest_route=%2Fwp%2Fv2%2Ftags&post=5426"}],"curies":[{"name":"wp","href":"https:\/\/api.w.org\/{rel}","templated":true}]}}