{"id":5424,"date":"2018-08-22T15:57:37","date_gmt":"2018-08-22T18:57:37","guid":{"rendered":"http:\/\/sinpro-al.com.br\/v2\/?p=5424"},"modified":"2018-08-24T12:49:56","modified_gmt":"2018-08-24T15:49:56","slug":"assembleia-professores-da-unit","status":"publish","type":"post","link":"http:\/\/sinpro-al.com.br\/v2\/?p=5424","title":{"rendered":"ASSEMBLEIA PROFESSORES DA UNIT"},"content":{"rendered":"<p>EDITAL DE CONVOCA\u00c7\u00c3O DE ASSEMBLEIA<\/p>\n<p>Sindicato dos Professores de Alagoas (Sinpro\/AL) convoca uma assembleia extraordin\u00e1ria para o pr\u00f3ximo s\u00e1bado, 01\/09, exclusivamente para o corpo docente da Unit. Assembleia ser\u00e1 realizada na sede do Sipro\/AL, que fica na Rua Santa Cruz, 352, Farol, Macei\u00f3-AL.<br \/>\n1 &#8211; A assembleia tem como pauta a nova proposta de reajuste salarial dos educadores que lecionam na Unit.<br \/>\n2 &#8211; Cota Negocial 2018<br \/>\nA primeira chamada para o in\u00edcio da Assembleia ser\u00e1 13h e a segunda e definitiva 13h30.<\/p>\n<p>Macei\u00f3, Alagoas, 21 de agosto de 2018<\/p>\n<p>JOS\u00c9 NIVALDO CARDOZO MOTA<br \/>\nPRESIDENTE EM EXERC\u00cdCIO DO SINPRO DE ALAGOAS<\/p>\n","protected":false},"excerpt":{"rendered":"<p>EDITAL DE CONVOCA\u00c7\u00c3O DE ASSEMBLEIA Sindicato dos Professores de Alagoas (Sinpro\/AL) convoca uma assembleia extraordin\u00e1ria para o pr\u00f3ximo s\u00e1bado, 01\/09, exclusivamente para o corpo docente da Unit. Assembleia ser\u00e1 realizada na sede do Sipro\/AL, que fica na Rua Santa Cruz, 352, Farol, Macei\u00f3-AL. 1 &#8211; A assembleia tem como pauta a nova proposta de reajuste [&hellip;]<\/p>\n","protected":false},"author":4,"featured_media":0,"comment_status":"open","ping_status":"open","sticky":false,"template":"","format":"standard","meta":{"footnotes":""},"categories":[4],"tags":[],"class_list":["post-5424","post","type-post","status-publish","format-standard","hentry","category-noticias-sinpro-al"],"_links":{"self":[{"href":"http:\/\/sinpro-al.com.br\/v2\/index.php?rest_route=\/wp\/v2\/posts\/5424","targetHints":{"allow":["GET"]}}],"collection":[{"href":"http:\/\/sinpro-al.com.br\/v2\/index.php?rest_route=\/wp\/v2\/posts"}],"about":[{"href":"http:\/\/sinpro-al.com.br\/v2\/index.php?rest_route=\/wp\/v2\/types\/post"}],"author":[{"embeddable":true,"href":"http:\/\/sinpro-al.com.br\/v2\/index.php?rest_route=\/wp\/v2\/users\/4"}],"replies":[{"embeddable":true,"href":"http:\/\/sinpro-al.com.br\/v2\/index.php?rest_route=%2Fwp%2Fv2%2Fcomments&post=5424"}],"version-history":[{"count":2,"href":"http:\/\/sinpro-al.com.br\/v2\/index.php?rest_route=\/wp\/v2\/posts\/5424\/revisions"}],"predecessor-version":[{"id":5430,"href":"http:\/\/sinpro-al.com.br\/v2\/index.php?rest_route=\/wp\/v2\/posts\/5424\/revisions\/5430"}],"wp:attachment":[{"href":"http:\/\/sinpro-al.com.br\/v2\/index.php?rest_route=%2Fwp%2Fv2%2Fmedia&parent=5424"}],"wp:term":[{"taxonomy":"category","embeddable":true,"href":"http:\/\/sinpro-al.com.br\/v2\/index.php?rest_route=%2Fwp%2Fv2%2Fcategories&post=5424"},{"taxonomy":"post_tag","embeddable":true,"href":"http:\/\/sinpro-al.com.br\/v2\/index.php?rest_route=%2Fwp%2Fv2%2Ftags&post=5424"}],"curies":[{"name":"wp","href":"https:\/\/api.w.org\/{rel}","templated":true}]}}