{"id":5412,"date":"2018-05-16T21:15:25","date_gmt":"2018-05-17T00:15:25","guid":{"rendered":"http:\/\/sinpro-al.com.br\/v2\/?p=5412"},"modified":"2018-05-16T21:15:47","modified_gmt":"2018-05-17T00:15:47","slug":"sinproal-em-pauta-euduardo-vasconcelos-concede-entrevista-no-cidade-alerta","status":"publish","type":"post","link":"http:\/\/sinpro-al.com.br\/v2\/?p=5412","title":{"rendered":"Sinpro\/AL  em pauta:  Eduardo Vasconcelos concede entrevista no Cidade Alerta"},"content":{"rendered":"<div id=\"attachment_5413\" style=\"width: 310px\" class=\"wp-caption alignleft\"><a href=\"http:\/\/sinpro-al.com.br\/v2\/wp-content\/uploads\/2018\/05\/20180516_205922.png\"><img loading=\"lazy\" decoding=\"async\" aria-describedby=\"caption-attachment-5413\" class=\"wp-image-5413 size-medium\" src=\"http:\/\/sinpro-al.com.br\/v2\/wp-content\/uploads\/2018\/05\/20180516_205922-300x300.png\" alt=\"\" width=\"300\" height=\"300\" srcset=\"http:\/\/sinpro-al.com.br\/v2\/wp-content\/uploads\/2018\/05\/20180516_205922-300x300.png 300w, http:\/\/sinpro-al.com.br\/v2\/wp-content\/uploads\/2018\/05\/20180516_205922-150x150.png 150w, http:\/\/sinpro-al.com.br\/v2\/wp-content\/uploads\/2018\/05\/20180516_205922-768x768.png 768w, http:\/\/sinpro-al.com.br\/v2\/wp-content\/uploads\/2018\/05\/20180516_205922-1024x1024.png 1024w, http:\/\/sinpro-al.com.br\/v2\/wp-content\/uploads\/2018\/05\/20180516_205922-45x45.png 45w, http:\/\/sinpro-al.com.br\/v2\/wp-content\/uploads\/2018\/05\/20180516_205922.png 1080w\" sizes=\"auto, (max-width: 300px) 100vw, 300px\" \/><\/a><p id=\"caption-attachment-5413\" class=\"wp-caption-text\">Oscar de Melo e Eduardo Vasconcelos<\/p><\/div>\n<p>O presidente do Sindicato dos Professores de Alagoas (Sinpro\/AL), Eduardo Vasconcelos, vem concedendo uma s\u00e9rie de entrevistas sobre o lan\u00e7amento da cartinha que trata de &#8220;S\u00edndrome de Bournaut&#8221; e Ass\u00e9dio Moral&#8221;.<\/p>\n<p>O material foi realizado em parceria com o Minist\u00e9rio P\u00fablico do Trabalho e vem informando educadores das redes privada e p\u00fablica.<\/p>\n<p>Um das entrevistas de Vasconcelos foi concedida ao apresentador do Cidade Alerta, o jornalista Oscar de Melo.<\/p>\n<p>&nbsp;<\/p>\n","protected":false},"excerpt":{"rendered":"<p>O presidente do Sindicato dos Professores de Alagoas (Sinpro\/AL), Eduardo Vasconcelos, vem concedendo uma s\u00e9rie de entrevistas sobre o lan\u00e7amento da cartinha que trata de &#8220;S\u00edndrome de Bournaut&#8221; e Ass\u00e9dio Moral&#8221;. O material foi realizado em parceria com o Minist\u00e9rio P\u00fablico do Trabalho e vem informando educadores das redes privada e p\u00fablica. Um das entrevistas [&hellip;]<\/p>\n","protected":false},"author":4,"featured_media":5413,"comment_status":"open","ping_status":"open","sticky":false,"template":"","format":"standard","meta":{"footnotes":""},"categories":[4],"tags":[],"class_list":["post-5412","post","type-post","status-publish","format-standard","has-post-thumbnail","hentry","category-noticias-sinpro-al"],"_links":{"self":[{"href":"http:\/\/sinpro-al.com.br\/v2\/index.php?rest_route=\/wp\/v2\/posts\/5412","targetHints":{"allow":["GET"]}}],"collection":[{"href":"http:\/\/sinpro-al.com.br\/v2\/index.php?rest_route=\/wp\/v2\/posts"}],"about":[{"href":"http:\/\/sinpro-al.com.br\/v2\/index.php?rest_route=\/wp\/v2\/types\/post"}],"author":[{"embeddable":true,"href":"http:\/\/sinpro-al.com.br\/v2\/index.php?rest_route=\/wp\/v2\/users\/4"}],"replies":[{"embeddable":true,"href":"http:\/\/sinpro-al.com.br\/v2\/index.php?rest_route=%2Fwp%2Fv2%2Fcomments&post=5412"}],"version-history":[{"count":2,"href":"http:\/\/sinpro-al.com.br\/v2\/index.php?rest_route=\/wp\/v2\/posts\/5412\/revisions"}],"predecessor-version":[{"id":5415,"href":"http:\/\/sinpro-al.com.br\/v2\/index.php?rest_route=\/wp\/v2\/posts\/5412\/revisions\/5415"}],"wp:featuredmedia":[{"embeddable":true,"href":"http:\/\/sinpro-al.com.br\/v2\/index.php?rest_route=\/wp\/v2\/media\/5413"}],"wp:attachment":[{"href":"http:\/\/sinpro-al.com.br\/v2\/index.php?rest_route=%2Fwp%2Fv2%2Fmedia&parent=5412"}],"wp:term":[{"taxonomy":"category","embeddable":true,"href":"http:\/\/sinpro-al.com.br\/v2\/index.php?rest_route=%2Fwp%2Fv2%2Fcategories&post=5412"},{"taxonomy":"post_tag","embeddable":true,"href":"http:\/\/sinpro-al.com.br\/v2\/index.php?rest_route=%2Fwp%2Fv2%2Ftags&post=5412"}],"curies":[{"name":"wp","href":"https:\/\/api.w.org\/{rel}","templated":true}]}}