{"id":5395,"date":"2018-05-11T14:00:10","date_gmt":"2018-05-11T17:00:10","guid":{"rendered":"http:\/\/sinpro-al.com.br\/v2\/?p=5395"},"modified":"2018-05-11T14:00:40","modified_gmt":"2018-05-11T17:00:40","slug":"recesso-dos-professores-justica-determina-que-colegio-cumpra-convencao-coletiva","status":"publish","type":"post","link":"http:\/\/sinpro-al.com.br\/v2\/?p=5395","title":{"rendered":"Recesso dos professores: Justi\u00e7a determina que col\u00e9gio cumpra conven\u00e7\u00e3o coletiva"},"content":{"rendered":"<p><a href=\"http:\/\/sinpro-al.com.br\/v2\/wp-content\/uploads\/2018\/05\/conven\u00e7\u00e3o-coletIVA.jpg\"><img loading=\"lazy\" decoding=\"async\" class=\"alignleft size-medium wp-image-5396\" src=\"http:\/\/sinpro-al.com.br\/v2\/wp-content\/uploads\/2018\/05\/conven\u00e7\u00e3o-coletIVA-300x216.jpg\" alt=\"\" width=\"300\" height=\"216\" srcset=\"http:\/\/sinpro-al.com.br\/v2\/wp-content\/uploads\/2018\/05\/conven\u00e7\u00e3o-coletIVA-300x216.jpg 300w, http:\/\/sinpro-al.com.br\/v2\/wp-content\/uploads\/2018\/05\/conven\u00e7\u00e3o-coletIVA.jpg 718w\" sizes=\"auto, (max-width: 300px) 100vw, 300px\" \/><\/a>A Justi\u00e7a do Trabalho determinou de forma liminar que o col\u00e9gio Santa Esmeralda cumpra a Conven\u00e7\u00e3o Coletiva de Trabalho (CCT) do Sindicato dos Professores de Alagoas (Sinpro\/AL). A\u00e7\u00e3o movida pela entidade classista pediu que fosse respeitado o per\u00edodo de recesso dos docentes, entre os dias 23\/6 a 7\/7. A medida foi realizada para que os trabalhadores possam unificar o recesso, j\u00e1 que muitos profissionais lecionam em mais de um estabelecimento de ensino.<\/p>\n<p>O col\u00e9gio Santa Esmeralda estipulou que os professores gozassem suas f\u00e9rias em junho, o que interfere diretamente na CCT. A decis\u00e3o da Justi\u00e7a do Trabalho restabelece o que foi acordado ente os trabalhadores e o setor patronal.<\/p>\n<p>A diretoria do Sindicato dos Professores de Alagoas vem recebendo uma s\u00e9rie de den\u00fancias de escolas que pretendem alterar o per\u00edodo de recesso j\u00e1 estabelecido, \u201cpor\u00e9m os estabelecimentos que insistirem em ferir a CCT ser\u00e3o acionados na Justi\u00e7a do Trabalho\u201d, garantiu o presidente do Sinpro, Eduardo Vasconcelos.<\/p>\n<p>A diretoria do Sinpro\/AL segue atenta em defesa dos direitos dos professores e com sua assessoria jur\u00eddica pronta para atuar como preconiza a CCT.<\/p>\n<p>Confira a CCT 2017\/2019 na \u00edntegra: <a href=\"http:\/\/sinpro-al.com.br\/v2\/?page_id=118\">http:\/\/sinpro-al.com.br\/v2\/?page_id=118<\/a><\/p>\n<p>Somos professores com orgulho e exigimos respeito!<\/p>\n","protected":false},"excerpt":{"rendered":"<p>A Justi\u00e7a do Trabalho determinou de forma liminar que o col\u00e9gio Santa Esmeralda cumpra a Conven\u00e7\u00e3o Coletiva de Trabalho (CCT) do Sindicato dos Professores de Alagoas (Sinpro\/AL). A\u00e7\u00e3o movida pela entidade classista pediu que fosse respeitado o per\u00edodo de recesso dos docentes, entre os dias 23\/6 a 7\/7. A medida foi realizada para que os [&hellip;]<\/p>\n","protected":false},"author":4,"featured_media":5396,"comment_status":"open","ping_status":"open","sticky":false,"template":"","format":"standard","meta":{"footnotes":""},"categories":[4],"tags":[],"class_list":["post-5395","post","type-post","status-publish","format-standard","has-post-thumbnail","hentry","category-noticias-sinpro-al"],"_links":{"self":[{"href":"http:\/\/sinpro-al.com.br\/v2\/index.php?rest_route=\/wp\/v2\/posts\/5395","targetHints":{"allow":["GET"]}}],"collection":[{"href":"http:\/\/sinpro-al.com.br\/v2\/index.php?rest_route=\/wp\/v2\/posts"}],"about":[{"href":"http:\/\/sinpro-al.com.br\/v2\/index.php?rest_route=\/wp\/v2\/types\/post"}],"author":[{"embeddable":true,"href":"http:\/\/sinpro-al.com.br\/v2\/index.php?rest_route=\/wp\/v2\/users\/4"}],"replies":[{"embeddable":true,"href":"http:\/\/sinpro-al.com.br\/v2\/index.php?rest_route=%2Fwp%2Fv2%2Fcomments&post=5395"}],"version-history":[{"count":2,"href":"http:\/\/sinpro-al.com.br\/v2\/index.php?rest_route=\/wp\/v2\/posts\/5395\/revisions"}],"predecessor-version":[{"id":5398,"href":"http:\/\/sinpro-al.com.br\/v2\/index.php?rest_route=\/wp\/v2\/posts\/5395\/revisions\/5398"}],"wp:featuredmedia":[{"embeddable":true,"href":"http:\/\/sinpro-al.com.br\/v2\/index.php?rest_route=\/wp\/v2\/media\/5396"}],"wp:attachment":[{"href":"http:\/\/sinpro-al.com.br\/v2\/index.php?rest_route=%2Fwp%2Fv2%2Fmedia&parent=5395"}],"wp:term":[{"taxonomy":"category","embeddable":true,"href":"http:\/\/sinpro-al.com.br\/v2\/index.php?rest_route=%2Fwp%2Fv2%2Fcategories&post=5395"},{"taxonomy":"post_tag","embeddable":true,"href":"http:\/\/sinpro-al.com.br\/v2\/index.php?rest_route=%2Fwp%2Fv2%2Ftags&post=5395"}],"curies":[{"name":"wp","href":"https:\/\/api.w.org\/{rel}","templated":true}]}}