{"id":5389,"date":"2018-05-11T13:18:45","date_gmt":"2018-05-11T16:18:45","guid":{"rendered":"http:\/\/sinpro-al.com.br\/v2\/?p=5389"},"modified":"2018-05-11T13:18:45","modified_gmt":"2018-05-11T16:18:45","slug":"nota-de-pesar-19","status":"publish","type":"post","link":"http:\/\/sinpro-al.com.br\/v2\/?p=5389","title":{"rendered":"Nota de pesar"},"content":{"rendered":"<div id=\"attachment_5390\" style=\"width: 178px\" class=\"wp-caption alignleft\"><a href=\"http:\/\/sinpro-al.com.br\/v2\/wp-content\/uploads\/2018\/05\/elcio.jpg\"><img loading=\"lazy\" decoding=\"async\" aria-describedby=\"caption-attachment-5390\" class=\"wp-image-5390 size-medium\" src=\"http:\/\/sinpro-al.com.br\/v2\/wp-content\/uploads\/2018\/05\/elcio-168x300.jpg\" alt=\"\" width=\"168\" height=\"300\" srcset=\"http:\/\/sinpro-al.com.br\/v2\/wp-content\/uploads\/2018\/05\/elcio-168x300.jpg 168w, http:\/\/sinpro-al.com.br\/v2\/wp-content\/uploads\/2018\/05\/elcio.jpg 392w\" sizes=\"auto, (max-width: 168px) 100vw, 168px\" \/><\/a><p id=\"caption-attachment-5390\" class=\"wp-caption-text\">Professor \u00c9lcio de Gusm\u00e3o Ver\u00e7osa<\/p><\/div>\n<p>O Sindicato dos Professores de Alagoas (Sinpro\/AL) lamenta com profundo pesar\u00a0 o falecimento do professor e doutor em Educa\u00e7\u00e3o, \u00c9lcio de Gusm\u00e3o Ver\u00e7osa.<\/p>\n<p>\u00c9lcio era professor aposentado da Universidade Federal de Alagoas (Ufal), foi presidente por dois mandatos do Conselho Estadual de Educa\u00e7\u00e3o e teve seu nome marcado na hist\u00f3ria do Estado pela dedica\u00e7\u00e3o ao trabalho em defesa da educa\u00e7\u00e3o de qualidade.<\/p>\n<p>Nascido em Porto Calvo, \u00c9lcio de Gusm\u00e3o Ver\u00e7osa tornou-se maceioense devido ao t\u00edtulo outorgado pela C\u00e2mara de Vereadores da capital.<\/p>\n<p>Que Deus com sua infinita bondade conforte seus familiares e amigos nesse momento de dor e saudade.<\/p>\n","protected":false},"excerpt":{"rendered":"<p>O Sindicato dos Professores de Alagoas (Sinpro\/AL) lamenta com profundo pesar\u00a0 o falecimento do professor e doutor em Educa\u00e7\u00e3o, \u00c9lcio de Gusm\u00e3o Ver\u00e7osa. \u00c9lcio era professor aposentado da Universidade Federal de Alagoas (Ufal), foi presidente por dois mandatos do Conselho Estadual de Educa\u00e7\u00e3o e teve seu nome marcado na hist\u00f3ria do Estado pela dedica\u00e7\u00e3o ao [&hellip;]<\/p>\n","protected":false},"author":4,"featured_media":5390,"comment_status":"open","ping_status":"open","sticky":false,"template":"","format":"standard","meta":{"footnotes":""},"categories":[4],"tags":[],"class_list":["post-5389","post","type-post","status-publish","format-standard","has-post-thumbnail","hentry","category-noticias-sinpro-al"],"_links":{"self":[{"href":"http:\/\/sinpro-al.com.br\/v2\/index.php?rest_route=\/wp\/v2\/posts\/5389","targetHints":{"allow":["GET"]}}],"collection":[{"href":"http:\/\/sinpro-al.com.br\/v2\/index.php?rest_route=\/wp\/v2\/posts"}],"about":[{"href":"http:\/\/sinpro-al.com.br\/v2\/index.php?rest_route=\/wp\/v2\/types\/post"}],"author":[{"embeddable":true,"href":"http:\/\/sinpro-al.com.br\/v2\/index.php?rest_route=\/wp\/v2\/users\/4"}],"replies":[{"embeddable":true,"href":"http:\/\/sinpro-al.com.br\/v2\/index.php?rest_route=%2Fwp%2Fv2%2Fcomments&post=5389"}],"version-history":[{"count":1,"href":"http:\/\/sinpro-al.com.br\/v2\/index.php?rest_route=\/wp\/v2\/posts\/5389\/revisions"}],"predecessor-version":[{"id":5391,"href":"http:\/\/sinpro-al.com.br\/v2\/index.php?rest_route=\/wp\/v2\/posts\/5389\/revisions\/5391"}],"wp:featuredmedia":[{"embeddable":true,"href":"http:\/\/sinpro-al.com.br\/v2\/index.php?rest_route=\/wp\/v2\/media\/5390"}],"wp:attachment":[{"href":"http:\/\/sinpro-al.com.br\/v2\/index.php?rest_route=%2Fwp%2Fv2%2Fmedia&parent=5389"}],"wp:term":[{"taxonomy":"category","embeddable":true,"href":"http:\/\/sinpro-al.com.br\/v2\/index.php?rest_route=%2Fwp%2Fv2%2Fcategories&post=5389"},{"taxonomy":"post_tag","embeddable":true,"href":"http:\/\/sinpro-al.com.br\/v2\/index.php?rest_route=%2Fwp%2Fv2%2Ftags&post=5389"}],"curies":[{"name":"wp","href":"https:\/\/api.w.org\/{rel}","templated":true}]}}