{"id":5372,"date":"2018-05-08T14:18:11","date_gmt":"2018-05-08T17:18:11","guid":{"rendered":"http:\/\/sinpro-al.com.br\/v2\/?p=5372"},"modified":"2018-05-08T14:19:55","modified_gmt":"2018-05-08T17:19:55","slug":"amanha-representantes-do-sinproal-realizarao-palestras-na-uneal","status":"publish","type":"post","link":"http:\/\/sinpro-al.com.br\/v2\/?p=5372","title":{"rendered":"Amanh\u00e3 representantes do Sinpro\/AL realizar\u00e3o palestras na Uneal"},"content":{"rendered":"<div id=\"attachment_5344\" style=\"width: 310px\" class=\"wp-caption alignleft\"><a href=\"http:\/\/sinpro-al.com.br\/v2\/wp-content\/uploads\/2018\/05\/UNEAL.jpg\"><img loading=\"lazy\" decoding=\"async\" aria-describedby=\"caption-attachment-5344\" class=\"wp-image-5344 size-medium\" src=\"http:\/\/sinpro-al.com.br\/v2\/wp-content\/uploads\/2018\/05\/UNEAL-300x225.jpg\" alt=\"\" width=\"300\" height=\"225\" srcset=\"http:\/\/sinpro-al.com.br\/v2\/wp-content\/uploads\/2018\/05\/UNEAL-300x225.jpg 300w, http:\/\/sinpro-al.com.br\/v2\/wp-content\/uploads\/2018\/05\/UNEAL.jpg 400w\" sizes=\"auto, (max-width: 300px) 100vw, 300px\" \/><\/a><p id=\"caption-attachment-5344\" class=\"wp-caption-text\">Campus II da Universidade Estadual de Alagoas, em Santana do Ipanema<\/p><\/div>\n<p>O Campus II da Universidade Estadual de Alagoas (Uneal), localizado na cidade de Santana do Ipanema, ser\u00e1 palco de palestras sobre \u201cS\u00edndrome de Burnout\u201d e \u201cAss\u00e9dio Moral\u201d amanh\u00e3, 9\/5, \u00e0s 19h. O p\u00fablico alvo s\u00e3o os estudantes de pedagogia e demais licenciaturas.<\/p>\n<p>As palestras ser\u00e3o promovidas pelo presidente do Sindicato dos Professores de Alagoas (Sinpro\/AL), Eduardo Vasconcelos, e pelo psic\u00f3logo coordenador do N\u00facleo de Apoio Psicol\u00f3gico (NAP) da entidade classista, Albery Lima.<\/p>\n<p>Os conte\u00fados centrais das abordagens ser\u00e3o os mesmos desenvolvidos na cartilha lan\u00e7ada pelo Sinpro\/AL em parceria com o Minist\u00e9rio P\u00fablico do Trabalho (MPT), que trata de \u201cS\u00edndrome de Burnout\u201d e \u201cAss\u00e9dio Moral\u201d.<\/p>\n<p><strong>Fa\u00e7a sua inscri\u00e7\u00e3o atrav\u00e9s do link:<\/strong>\u00a0\u00a0<a href=\"https:\/\/doity.com.br\/assedio-moral-e-sndrome-de-bournout-em-profissionais-da-educao\">https:\/\/doity.com.br\/assedio-moral-e-sndrome-de-bournout-em-profissionais-da-educao<\/a><\/p>\n<p>A cartilha ser\u00e1 amplamente divulgada nos estabelecimentos de ensino privado e p\u00fablico e visa elucidar d\u00favidas e informar de forma pedag\u00f3gica uma s\u00e9rie de problem\u00e1ticas que atinge o cotidiano dos docentes.<\/p>\n<p>Somos professores com orgulho e exigimos respeito!<\/p>\n","protected":false},"excerpt":{"rendered":"<p>O Campus II da Universidade Estadual de Alagoas (Uneal), localizado na cidade de Santana do Ipanema, ser\u00e1 palco de palestras sobre \u201cS\u00edndrome de Burnout\u201d e \u201cAss\u00e9dio Moral\u201d amanh\u00e3, 9\/5, \u00e0s 19h. O p\u00fablico alvo s\u00e3o os estudantes de pedagogia e demais licenciaturas. As palestras ser\u00e3o promovidas pelo presidente do Sindicato dos Professores de Alagoas (Sinpro\/AL), [&hellip;]<\/p>\n","protected":false},"author":4,"featured_media":5344,"comment_status":"open","ping_status":"open","sticky":false,"template":"","format":"standard","meta":{"footnotes":""},"categories":[4],"tags":[],"class_list":["post-5372","post","type-post","status-publish","format-standard","has-post-thumbnail","hentry","category-noticias-sinpro-al"],"_links":{"self":[{"href":"http:\/\/sinpro-al.com.br\/v2\/index.php?rest_route=\/wp\/v2\/posts\/5372","targetHints":{"allow":["GET"]}}],"collection":[{"href":"http:\/\/sinpro-al.com.br\/v2\/index.php?rest_route=\/wp\/v2\/posts"}],"about":[{"href":"http:\/\/sinpro-al.com.br\/v2\/index.php?rest_route=\/wp\/v2\/types\/post"}],"author":[{"embeddable":true,"href":"http:\/\/sinpro-al.com.br\/v2\/index.php?rest_route=\/wp\/v2\/users\/4"}],"replies":[{"embeddable":true,"href":"http:\/\/sinpro-al.com.br\/v2\/index.php?rest_route=%2Fwp%2Fv2%2Fcomments&post=5372"}],"version-history":[{"count":2,"href":"http:\/\/sinpro-al.com.br\/v2\/index.php?rest_route=\/wp\/v2\/posts\/5372\/revisions"}],"predecessor-version":[{"id":5374,"href":"http:\/\/sinpro-al.com.br\/v2\/index.php?rest_route=\/wp\/v2\/posts\/5372\/revisions\/5374"}],"wp:featuredmedia":[{"embeddable":true,"href":"http:\/\/sinpro-al.com.br\/v2\/index.php?rest_route=\/wp\/v2\/media\/5344"}],"wp:attachment":[{"href":"http:\/\/sinpro-al.com.br\/v2\/index.php?rest_route=%2Fwp%2Fv2%2Fmedia&parent=5372"}],"wp:term":[{"taxonomy":"category","embeddable":true,"href":"http:\/\/sinpro-al.com.br\/v2\/index.php?rest_route=%2Fwp%2Fv2%2Fcategories&post=5372"},{"taxonomy":"post_tag","embeddable":true,"href":"http:\/\/sinpro-al.com.br\/v2\/index.php?rest_route=%2Fwp%2Fv2%2Ftags&post=5372"}],"curies":[{"name":"wp","href":"https:\/\/api.w.org\/{rel}","templated":true}]}}