{"id":5364,"date":"2018-05-08T13:32:17","date_gmt":"2018-05-08T16:32:17","guid":{"rendered":"http:\/\/sinpro-al.com.br\/v2\/?p=5364"},"modified":"2018-05-08T14:05:41","modified_gmt":"2018-05-08T17:05:41","slug":"sinproal-lanca-cartilha-sobre-sindrome-de-burnout-e-assedio-moral-em-colegio","status":"publish","type":"post","link":"http:\/\/sinpro-al.com.br\/v2\/?p=5364","title":{"rendered":"Sinpro\/AL lan\u00e7a cartilha sobre \u201cS\u00edndrome de Burnout\u201d e \u201cAss\u00e9dio Moral\u201d em col\u00e9gio"},"content":{"rendered":"<div id=\"attachment_5367\" style=\"width: 310px\" class=\"wp-caption alignleft\"><a href=\"http:\/\/sinpro-al.com.br\/v2\/wp-content\/uploads\/2018\/05\/saint-1.jpg\"><img loading=\"lazy\" decoding=\"async\" aria-describedby=\"caption-attachment-5367\" class=\"wp-image-5367 size-medium\" src=\"http:\/\/sinpro-al.com.br\/v2\/wp-content\/uploads\/2018\/05\/saint-1-300x225.jpg\" alt=\"\" width=\"300\" height=\"225\" srcset=\"http:\/\/sinpro-al.com.br\/v2\/wp-content\/uploads\/2018\/05\/saint-1-300x225.jpg 300w, http:\/\/sinpro-al.com.br\/v2\/wp-content\/uploads\/2018\/05\/saint-1-768x576.jpg 768w, http:\/\/sinpro-al.com.br\/v2\/wp-content\/uploads\/2018\/05\/saint-1-1024x768.jpg 1024w\" sizes=\"auto, (max-width: 300px) 100vw, 300px\" \/><\/a><p id=\"caption-attachment-5367\" class=\"wp-caption-text\">Diretores do Sinpro, psicobi\u00f3logos e representantes do MPT no col\u00e9gio Saint Germain<\/p><\/div>\n<p>Representantes do Sindicado dos Professores de Alagoas (Sinpro\/AL) e Minist\u00e9rio P\u00fablico do Trabalho (MPT) estiveram lan\u00e7ando no col\u00e9gio Saint Germain, localizado na Gruta, em Macei\u00f3, a cartilha sobre \u201cS\u00edndrome de Burnout\u201d e \u201cAss\u00e9dio Moral\u201d, realizado pela entidade classista em parceria com o MPT e a Confedera\u00e7\u00e3o Nacional dos Trabalhadores em Estabelecimentos de Ensino (Contee). \u00a0O Saint Germain foi o primeiro estabelecimento de ensino a ser visitado, onde os docentes puderem ter acesso a cartilha que visa prevenir e informar sobre as problem\u00e1ticas em quest\u00e3o.<\/p>\n<p>O presidente do Sinpro\/AL, Eduardo Vasconcelos, colocou que as informa\u00e7\u00f5es abordadas na cartilha est\u00e3o no cotidiano do trabalho dos professores, mas devido a carga esgotante de atribui\u00e7\u00f5es, muitas vezes, nem o pr\u00f3prio docente percebe que est\u00e1 com essas dificuldades e que devem ser tratadas. \u201cNo Sindicato recebemos informa\u00e7\u00f5es di\u00e1rias de stress, devido ao esgotamento f\u00edsico e mental, que em breve acarretar\u00e1 em algo mais greve. Por isso, a palavra de ordem \u00e9 a preven\u00e7\u00e3o\u201d, exp\u00f4s Vasconcelos.<\/p>\n<p>O procurador-chefe do Minist\u00e9rio P\u00fablico do Trabalho, Rafael Gazzaneo, revelou que h\u00e1 levantamentos que comprovam que os professores s\u00e3o uma das maiores v\u00edtimas do trabalho \u00a0sob press\u00e3o. Gazzaneo disse que as a\u00e7\u00f5es das visitas as escolas, col\u00e9gios, em conjunto com o Sinpro, o Centros de Refer\u00eancia em Sa\u00fade do Trabalhador (Cerest) ir\u00e3o continuar.<\/p>\n<div id=\"attachment_5366\" style=\"width: 310px\" class=\"wp-caption alignleft\"><a href=\"http:\/\/sinpro-al.com.br\/v2\/wp-content\/uploads\/2018\/05\/saint-2.jpg\"><img loading=\"lazy\" decoding=\"async\" aria-describedby=\"caption-attachment-5366\" class=\"wp-image-5366 size-medium\" src=\"http:\/\/sinpro-al.com.br\/v2\/wp-content\/uploads\/2018\/05\/saint-2-300x225.jpg\" alt=\"\" width=\"300\" height=\"225\" srcset=\"http:\/\/sinpro-al.com.br\/v2\/wp-content\/uploads\/2018\/05\/saint-2-300x225.jpg 300w, http:\/\/sinpro-al.com.br\/v2\/wp-content\/uploads\/2018\/05\/saint-2-768x576.jpg 768w, http:\/\/sinpro-al.com.br\/v2\/wp-content\/uploads\/2018\/05\/saint-2-1024x768.jpg 1024w\" sizes=\"auto, (max-width: 300px) 100vw, 300px\" \/><\/a><p id=\"caption-attachment-5366\" class=\"wp-caption-text\">Professores parabenizam atua\u00e7\u00e3o do Sinpro\/AL<\/p><\/div>\n<p>O professor Aur\u00e9lio Carlos Lisboa Lima, que \u00e9 propriet\u00e1rio do col\u00e9gio Saint Germain, destacou a import\u00e2ncia desse tipo de informa\u00e7\u00e3o e trabalho realizado pelo Sinpro e com o apoio do MPT. \u201cSou professor h\u00e1 38 anos e ser professor \u00e9 uma tarefa herc\u00falea, ainda mais nos tempos que vivenciamos. Se manter retil\u00edneo numa profiss\u00e3o que trata da forma\u00e7\u00e3o de crian\u00e7as e adolescentes \u00e9 dif\u00edcil e por isso temos que entender os professores\u201d, destacou.<\/p>\n<p>Os professores reunidos do Saint Germain elogiaram a iniciativa do Sinpro\/AL e colocaram que o cuidado, o zelo \u00a0com a categoria \u00e9 algo que fazem eles se sentirem realmente representados pela gest\u00e3o \u201cSou professor com orgulho e exigimos respeito\u201d. \u00a0A professora Krysley Melanias colocou publicamente que discorda que a classe dos professores seja desunida, mas sim, competitiva. \u201cEssa atua\u00e7\u00e3o \u00e9 uma demonstra\u00e7\u00e3o que esses representantes do Sindicato t\u00eam aten\u00e7\u00e3o com a base\u201d, elogiou. Krysley ainda adiantou que em poucas p\u00e1ginas lidas na cartilha j\u00e1 se identifica com algumas coisas relatadas.<\/p>\n<div id=\"attachment_5369\" style=\"width: 248px\" class=\"wp-caption alignleft\"><a href=\"http:\/\/sinpro-al.com.br\/v2\/wp-content\/uploads\/2018\/05\/saint-3.jpg\"><img loading=\"lazy\" decoding=\"async\" aria-describedby=\"caption-attachment-5369\" class=\"wp-image-5369 size-medium\" src=\"http:\/\/sinpro-al.com.br\/v2\/wp-content\/uploads\/2018\/05\/saint-3-238x300.jpg\" alt=\"\" width=\"238\" height=\"300\" srcset=\"http:\/\/sinpro-al.com.br\/v2\/wp-content\/uploads\/2018\/05\/saint-3-238x300.jpg 238w, http:\/\/sinpro-al.com.br\/v2\/wp-content\/uploads\/2018\/05\/saint-3-768x967.jpg 768w, http:\/\/sinpro-al.com.br\/v2\/wp-content\/uploads\/2018\/05\/saint-3-813x1024.jpg 813w\" sizes=\"auto, (max-width: 238px) 100vw, 238px\" \/><\/a><p id=\"caption-attachment-5369\" class=\"wp-caption-text\">Eduardo Vasconcelos concede entrevista sobre o trabalho que vem sendo desenvolvido no Sinpro\/AL<\/p><\/div>\n<p>O psic\u00f3logo coordenador do N\u00facleo do Apoio Psicol\u00f3gico (NAP) do Sinpro, Albery Lima, \u00e9 um dos profissionais que desenvolveram o conte\u00fado da cartilha, junto com as psic\u00f3logas Fabiana Amorim e Ligia Cavalcante. Albery explanou em sua fala durante o lan\u00e7amento da cartilha que os profissionais que quiserem algum apoio psicol\u00f3gico bastam se dirigir a sede do Sinpro nos dias de atendimento (<strong>confira no link:<\/strong><a href=\"http:\/\/sinpro-al.com.br\/v2\/?p=2803\"> http:\/\/sinpro-al.com.br\/v2\/?p=2803<\/a>).<\/p>\n<p>Tenha acesso a cartilha completa: <a href=\"http:\/\/sinpro-al.com.br\/v2\/wp-content\/uploads\/2018\/05\/BONECA_CARTILHA_REVISADA_final.pdf\">http:\/\/sinpro-al.com.br\/v2\/wp-content\/uploads\/2018\/05\/BONECA_CARTILHA_REVISADA_final.pdf<\/a><\/p>\n","protected":false},"excerpt":{"rendered":"<p>Representantes do Sindicado dos Professores de Alagoas (Sinpro\/AL) e Minist\u00e9rio P\u00fablico do Trabalho (MPT) estiveram lan\u00e7ando no col\u00e9gio Saint Germain, localizado na Gruta, em Macei\u00f3, a cartilha sobre \u201cS\u00edndrome de Burnout\u201d e \u201cAss\u00e9dio Moral\u201d, realizado pela entidade classista em parceria com o MPT e a Confedera\u00e7\u00e3o Nacional dos Trabalhadores em Estabelecimentos de Ensino (Contee). \u00a0O [&hellip;]<\/p>\n","protected":false},"author":4,"featured_media":5366,"comment_status":"open","ping_status":"open","sticky":false,"template":"","format":"standard","meta":{"footnotes":""},"categories":[4],"tags":[],"class_list":["post-5364","post","type-post","status-publish","format-standard","has-post-thumbnail","hentry","category-noticias-sinpro-al"],"_links":{"self":[{"href":"http:\/\/sinpro-al.com.br\/v2\/index.php?rest_route=\/wp\/v2\/posts\/5364","targetHints":{"allow":["GET"]}}],"collection":[{"href":"http:\/\/sinpro-al.com.br\/v2\/index.php?rest_route=\/wp\/v2\/posts"}],"about":[{"href":"http:\/\/sinpro-al.com.br\/v2\/index.php?rest_route=\/wp\/v2\/types\/post"}],"author":[{"embeddable":true,"href":"http:\/\/sinpro-al.com.br\/v2\/index.php?rest_route=\/wp\/v2\/users\/4"}],"replies":[{"embeddable":true,"href":"http:\/\/sinpro-al.com.br\/v2\/index.php?rest_route=%2Fwp%2Fv2%2Fcomments&post=5364"}],"version-history":[{"count":4,"href":"http:\/\/sinpro-al.com.br\/v2\/index.php?rest_route=\/wp\/v2\/posts\/5364\/revisions"}],"predecessor-version":[{"id":5368,"href":"http:\/\/sinpro-al.com.br\/v2\/index.php?rest_route=\/wp\/v2\/posts\/5364\/revisions\/5368"}],"wp:featuredmedia":[{"embeddable":true,"href":"http:\/\/sinpro-al.com.br\/v2\/index.php?rest_route=\/wp\/v2\/media\/5366"}],"wp:attachment":[{"href":"http:\/\/sinpro-al.com.br\/v2\/index.php?rest_route=%2Fwp%2Fv2%2Fmedia&parent=5364"}],"wp:term":[{"taxonomy":"category","embeddable":true,"href":"http:\/\/sinpro-al.com.br\/v2\/index.php?rest_route=%2Fwp%2Fv2%2Fcategories&post=5364"},{"taxonomy":"post_tag","embeddable":true,"href":"http:\/\/sinpro-al.com.br\/v2\/index.php?rest_route=%2Fwp%2Fv2%2Ftags&post=5364"}],"curies":[{"name":"wp","href":"https:\/\/api.w.org\/{rel}","templated":true}]}}