{"id":5356,"date":"2018-05-03T05:00:37","date_gmt":"2018-05-03T08:00:37","guid":{"rendered":"http:\/\/sinpro-al.com.br\/v2\/?p=5356"},"modified":"2018-05-02T18:24:28","modified_gmt":"2018-05-02T21:24:28","slug":"escola-nao-comparece-em-audiencia-no-mpt","status":"publish","type":"post","link":"http:\/\/sinpro-al.com.br\/v2\/?p=5356","title":{"rendered":"Escola n\u00e3o comparece em audi\u00eancia no MPT"},"content":{"rendered":"<div id=\"attachment_4241\" style=\"width: 310px\" class=\"wp-caption alignleft\"><a href=\"http:\/\/sinpro-al.com.br\/v2\/wp-content\/uploads\/2017\/07\/FachadaMPT.jpg\"><img loading=\"lazy\" decoding=\"async\" aria-describedby=\"caption-attachment-4241\" class=\"size-medium wp-image-4241\" src=\"http:\/\/sinpro-al.com.br\/v2\/wp-content\/uploads\/2017\/07\/FachadaMPT-300x171.jpg\" alt=\"\" width=\"300\" height=\"171\" srcset=\"http:\/\/sinpro-al.com.br\/v2\/wp-content\/uploads\/2017\/07\/FachadaMPT-300x171.jpg 300w, http:\/\/sinpro-al.com.br\/v2\/wp-content\/uploads\/2017\/07\/FachadaMPT-768x437.jpg 768w, http:\/\/sinpro-al.com.br\/v2\/wp-content\/uploads\/2017\/07\/FachadaMPT.jpg 1024w\" sizes=\"auto, (max-width: 300px) 100vw, 300px\" \/><\/a><p id=\"caption-attachment-4241\" class=\"wp-caption-text\">Sede do MPT, localizada em Macei\u00f3<\/p><\/div>\n<p>Os representantes legais da escola Aladim, localizada em Macei\u00f3, n\u00e3o estiveram presentes durante audi\u00eancia, essa semana, na sede do Minist\u00e9rio P\u00fablico do Trabalho (MPT) para apresentar uma gama de documentos solicitados pelo \u00f3rg\u00e3o. Uma s\u00e9rie de den\u00fancias foram encaminhas pelo Sindicato dos Professores de Alagoas (Sinpro\/AL).<\/p>\n<p>Uma nova audi\u00eancia ser\u00e1 marcada e caso os representantes se ausentem novamente, o procurador do Trabalho, da mat\u00e9ria em quest\u00e3o, pode solicitar a condu\u00e7\u00e3o coercitiva dos mesmos.<\/p>\n<p>O Inqu\u00e9rito Civil (IC) instaurado contra a escola Aladim pelo MPT \u00e9: 001048.2016.19.000\/5-08.<\/p>\n<p>A diretoria do Sindicato dos Professores de Alagoas segue acompanhando o IC e aguarda que as provid\u00eancias cab\u00edveis sejam tomadas no rigor da lei.<\/p>\n<p>Somos professores com orgulho e exigimos respeito!<\/p>\n<p>&nbsp;<\/p>\n","protected":false},"excerpt":{"rendered":"<p>Os representantes legais da escola Aladim, localizada em Macei\u00f3, n\u00e3o estiveram presentes durante audi\u00eancia, essa semana, na sede do Minist\u00e9rio P\u00fablico do Trabalho (MPT) para apresentar uma gama de documentos solicitados pelo \u00f3rg\u00e3o. Uma s\u00e9rie de den\u00fancias foram encaminhas pelo Sindicato dos Professores de Alagoas (Sinpro\/AL). Uma nova audi\u00eancia ser\u00e1 marcada e caso os representantes [&hellip;]<\/p>\n","protected":false},"author":4,"featured_media":2259,"comment_status":"open","ping_status":"open","sticky":false,"template":"","format":"standard","meta":{"footnotes":""},"categories":[4],"tags":[],"class_list":["post-5356","post","type-post","status-publish","format-standard","has-post-thumbnail","hentry","category-noticias-sinpro-al"],"_links":{"self":[{"href":"http:\/\/sinpro-al.com.br\/v2\/index.php?rest_route=\/wp\/v2\/posts\/5356","targetHints":{"allow":["GET"]}}],"collection":[{"href":"http:\/\/sinpro-al.com.br\/v2\/index.php?rest_route=\/wp\/v2\/posts"}],"about":[{"href":"http:\/\/sinpro-al.com.br\/v2\/index.php?rest_route=\/wp\/v2\/types\/post"}],"author":[{"embeddable":true,"href":"http:\/\/sinpro-al.com.br\/v2\/index.php?rest_route=\/wp\/v2\/users\/4"}],"replies":[{"embeddable":true,"href":"http:\/\/sinpro-al.com.br\/v2\/index.php?rest_route=%2Fwp%2Fv2%2Fcomments&post=5356"}],"version-history":[{"count":1,"href":"http:\/\/sinpro-al.com.br\/v2\/index.php?rest_route=\/wp\/v2\/posts\/5356\/revisions"}],"predecessor-version":[{"id":5357,"href":"http:\/\/sinpro-al.com.br\/v2\/index.php?rest_route=\/wp\/v2\/posts\/5356\/revisions\/5357"}],"wp:featuredmedia":[{"embeddable":true,"href":"http:\/\/sinpro-al.com.br\/v2\/index.php?rest_route=\/wp\/v2\/media\/2259"}],"wp:attachment":[{"href":"http:\/\/sinpro-al.com.br\/v2\/index.php?rest_route=%2Fwp%2Fv2%2Fmedia&parent=5356"}],"wp:term":[{"taxonomy":"category","embeddable":true,"href":"http:\/\/sinpro-al.com.br\/v2\/index.php?rest_route=%2Fwp%2Fv2%2Fcategories&post=5356"},{"taxonomy":"post_tag","embeddable":true,"href":"http:\/\/sinpro-al.com.br\/v2\/index.php?rest_route=%2Fwp%2Fv2%2Ftags&post=5356"}],"curies":[{"name":"wp","href":"https:\/\/api.w.org\/{rel}","templated":true}]}}