{"id":5346,"date":"2018-05-04T07:00:00","date_gmt":"2018-05-04T10:00:00","guid":{"rendered":"http:\/\/sinpro-al.com.br\/v2\/?p=5346"},"modified":"2018-05-04T11:05:09","modified_gmt":"2018-05-04T14:05:09","slug":"confira-a-cartilha-sobre-sindrome-de-burnout-e-assedio-moral-desenvolvida-pelo-sinproal-em-parceria-com-o-mpt","status":"publish","type":"post","link":"http:\/\/sinpro-al.com.br\/v2\/?p=5346","title":{"rendered":"Confira a cartilha sobre \u201cS\u00edndrome de Burnout\u201d e \u201cAss\u00e9dio Moral\u201d desenvolvida pelo Sinpro\/AL em parceria com o MPT"},"content":{"rendered":"<div id=\"attachment_5326\" style=\"width: 310px\" class=\"wp-caption alignleft\"><a href=\"http:\/\/sinpro-al.com.br\/v2\/wp-content\/uploads\/2018\/04\/rafael-e-eduardo-2.jpg\"><img loading=\"lazy\" decoding=\"async\" aria-describedby=\"caption-attachment-5326\" class=\"wp-image-5326 size-medium\" src=\"http:\/\/sinpro-al.com.br\/v2\/wp-content\/uploads\/2018\/04\/rafael-e-eduardo-2-300x273.jpg\" alt=\"\" width=\"300\" height=\"273\" srcset=\"http:\/\/sinpro-al.com.br\/v2\/wp-content\/uploads\/2018\/04\/rafael-e-eduardo-2-300x273.jpg 300w, http:\/\/sinpro-al.com.br\/v2\/wp-content\/uploads\/2018\/04\/rafael-e-eduardo-2-768x700.jpg 768w, http:\/\/sinpro-al.com.br\/v2\/wp-content\/uploads\/2018\/04\/rafael-e-eduardo-2.jpg 922w\" sizes=\"auto, (max-width: 300px) 100vw, 300px\" \/><\/a><p id=\"caption-attachment-5326\" class=\"wp-caption-text\">Procurador-chefe do MPT, Rafael Gazzaneo, e o presidente do Sindicato dos Professores de Alagoas, Eduardo Vasconcelos<\/p><\/div>\n<p>O Sindicato dos Professores de Alagoas (Sinpro\/AL) lan\u00e7ou em parceria com Minist\u00e9rio P\u00fablico do Trabalho (MPT) uma cartilha sobre preven\u00e7\u00e3o contra \u201cS\u00edndrome de Burnout\u201d e \u201cAss\u00e9dio Moral\u201d. O material foi desenvolvido pelo coordenador do N\u00facleo de Apoio Psicol\u00f3gico do Sinpro\/AL, o psic\u00f3logo Albery Ferreira Lima (CRP 15\/4271), em conjunto com as tamb\u00e9m psic\u00f3logas, Fabiana Amorim (CRP 15\/1549) e Ligia Cavalcante (CRP 15\/2170). O material foi editorado pela equipe de comunica\u00e7\u00e3o do MPT em Alagoas.<\/p>\n<p>Os professores das redes privada e p\u00fablica de ensino que quiserem ter acesso a \u00edntegra da cartilha podem clicar no link: <a href=\"http:\/\/sinpro-al.com.br\/v2\/wp-content\/uploads\/2018\/05\/BONECA_CARTILHA_REVISADA_final.pdf\">http:\/\/sinpro-al.com.br\/v2\/wp-content\/uploads\/2018\/05\/BONECA_CARTILHA_REVISADA_final.pdf<\/a><\/p>\n<p>J\u00e1 os docentes que queiram o material impresso basta ir at\u00e9 a sede do Sinpro\/AL, na Rua Santa Cruz, 352, no bairro do Farol, em Macei\u00f3, e solicitar na secretaria.<\/p>\n<p>Vale ressaltar que o funcionamento normativo das atividades dos Sinpro\/AL \u00e9 de 9h \u00e0s 15h,\u00a0 de segunda a sexta.<\/p>\n<p>Somos professores com orgulho e exigimos respeito!<\/p>\n<p>&nbsp;<\/p>\n","protected":false},"excerpt":{"rendered":"<p>O Sindicato dos Professores de Alagoas (Sinpro\/AL) lan\u00e7ou em parceria com Minist\u00e9rio P\u00fablico do Trabalho (MPT) uma cartilha sobre preven\u00e7\u00e3o contra \u201cS\u00edndrome de Burnout\u201d e \u201cAss\u00e9dio Moral\u201d. O material foi desenvolvido pelo coordenador do N\u00facleo de Apoio Psicol\u00f3gico do Sinpro\/AL, o psic\u00f3logo Albery Ferreira Lima (CRP 15\/4271), em conjunto com as tamb\u00e9m psic\u00f3logas, Fabiana Amorim [&hellip;]<\/p>\n","protected":false},"author":4,"featured_media":5326,"comment_status":"open","ping_status":"open","sticky":false,"template":"","format":"standard","meta":{"footnotes":""},"categories":[4],"tags":[],"class_list":["post-5346","post","type-post","status-publish","format-standard","has-post-thumbnail","hentry","category-noticias-sinpro-al"],"_links":{"self":[{"href":"http:\/\/sinpro-al.com.br\/v2\/index.php?rest_route=\/wp\/v2\/posts\/5346","targetHints":{"allow":["GET"]}}],"collection":[{"href":"http:\/\/sinpro-al.com.br\/v2\/index.php?rest_route=\/wp\/v2\/posts"}],"about":[{"href":"http:\/\/sinpro-al.com.br\/v2\/index.php?rest_route=\/wp\/v2\/types\/post"}],"author":[{"embeddable":true,"href":"http:\/\/sinpro-al.com.br\/v2\/index.php?rest_route=\/wp\/v2\/users\/4"}],"replies":[{"embeddable":true,"href":"http:\/\/sinpro-al.com.br\/v2\/index.php?rest_route=%2Fwp%2Fv2%2Fcomments&post=5346"}],"version-history":[{"count":5,"href":"http:\/\/sinpro-al.com.br\/v2\/index.php?rest_route=\/wp\/v2\/posts\/5346\/revisions"}],"predecessor-version":[{"id":5351,"href":"http:\/\/sinpro-al.com.br\/v2\/index.php?rest_route=\/wp\/v2\/posts\/5346\/revisions\/5351"}],"wp:featuredmedia":[{"embeddable":true,"href":"http:\/\/sinpro-al.com.br\/v2\/index.php?rest_route=\/wp\/v2\/media\/5326"}],"wp:attachment":[{"href":"http:\/\/sinpro-al.com.br\/v2\/index.php?rest_route=%2Fwp%2Fv2%2Fmedia&parent=5346"}],"wp:term":[{"taxonomy":"category","embeddable":true,"href":"http:\/\/sinpro-al.com.br\/v2\/index.php?rest_route=%2Fwp%2Fv2%2Fcategories&post=5346"},{"taxonomy":"post_tag","embeddable":true,"href":"http:\/\/sinpro-al.com.br\/v2\/index.php?rest_route=%2Fwp%2Fv2%2Ftags&post=5346"}],"curies":[{"name":"wp","href":"https:\/\/api.w.org\/{rel}","templated":true}]}}