{"id":5337,"date":"2018-04-30T20:35:55","date_gmt":"2018-04-30T23:35:55","guid":{"rendered":"http:\/\/sinpro-al.com.br\/v2\/?p=5337"},"modified":"2018-05-02T19:09:47","modified_gmt":"2018-05-02T22:09:47","slug":"cartilha-sobre-sindrome-de-burnout-e-assedio-moral-e-lancada-no-mpt","status":"publish","type":"post","link":"http:\/\/sinpro-al.com.br\/v2\/?p=5337","title":{"rendered":"Cartilha sobre &#8220;Sindrome de Burnout\u201d e \u201cAss\u00e9dio Moral&#8221; \u00e9 lan\u00e7ada no MPT"},"content":{"rendered":"<div id=\"attachment_5338\" style=\"width: 310px\" class=\"wp-caption alignleft\"><a href=\"http:\/\/sinpro-al.com.br\/v2\/wp-content\/uploads\/2018\/04\/20180430_113303.jpg\"><img loading=\"lazy\" decoding=\"async\" aria-describedby=\"caption-attachment-5338\" class=\"wp-image-5338 size-medium\" src=\"http:\/\/sinpro-al.com.br\/v2\/wp-content\/uploads\/2018\/04\/20180430_113303-300x225.jpg\" alt=\"\" width=\"300\" height=\"225\" srcset=\"http:\/\/sinpro-al.com.br\/v2\/wp-content\/uploads\/2018\/04\/20180430_113303-300x225.jpg 300w, http:\/\/sinpro-al.com.br\/v2\/wp-content\/uploads\/2018\/04\/20180430_113303-768x576.jpg 768w, http:\/\/sinpro-al.com.br\/v2\/wp-content\/uploads\/2018\/04\/20180430_113303-1024x768.jpg 1024w\" sizes=\"auto, (max-width: 300px) 100vw, 300px\" \/><\/a><p id=\"caption-attachment-5338\" class=\"wp-caption-text\">Reuni\u00e3o no MPT marca lan\u00e7amento de cartilha<\/p><\/div>\n<p>O Sindicato dos Professores de Alagoas (Sinpro\/AL) lan\u00e7ou, em parceria com Minist\u00e9rio P\u00fablico do Trabalho (MPT) e com a Confedera\u00e7\u00e3o Nacional dos Trabalhadores em Estabelecimentos de Ensino (Contee), uma cartilha sobre preven\u00e7\u00e3o contra \u201cS\u00edndrome de Burnout\u201d e \u201cAss\u00e9dio Moral\u201d. O material foi desenvolvido pelo coordenador do N\u00facleo de Apoio Psicol\u00f3gico do Sinpro\/AL, o psic\u00f3logo Albery Ferreira Lima (CRP 15\/4271), em conjunto com as tamb\u00e9m psic\u00f3logas Fabiana Amorim (CRP 15\/1549) e Ligia Cavalcante (CRP 15\/2170). O material foi editorado pela equipe de comunica\u00e7\u00e3o do MPT em Alagoas.<\/p>\n<p>O procurador-chefe do MPT, Rafael Gazzaneo, esteve reunido na sede do \u00f3rg\u00e3o com o presidente do Sinpro\/AL, Eduardo Vasconcelos, a diretora da entidade classista, Enaura Fernandes, os representantes do Cerest, Alinthon Fagner e Pollyana Brand\u00e3o, al\u00e9m do presidente da CTB em Alagoas, Sinval Costa.<\/p>\n<p>O procurador do MPT parabenizou o empenho dos psic\u00f3logos na produ\u00e7\u00e3o da cartilha e colocou que o trabalho de distribui\u00e7\u00e3o e divulga\u00e7\u00e3o j\u00e1 tem in\u00edcio na pr\u00f3xima semana, em um estabelecimento de ensino, em parceria com o Sinpro e o Cerest.<\/p>\n<p><strong>Saiba mais<\/strong><\/p>\n<p><em>O que \u00e9 S\u00edndrome de Burnout?<\/em><\/p>\n<p>\u00c9 um dist\u00farbio ps\u00edquico de car\u00e1ter depressivo, precedido de esgotamento f\u00edsico e mental intenso. \u00c9 o estado de esgotamento f\u00edsico e mental cuja causa est\u00e1 intimamente ligada \u00e0 vida profissional.<\/p>\n<p><em>Ass\u00e9dio moral?<\/em><\/p>\n<p>\u00c9 a exposi\u00e7\u00e3o de algu\u00e9m a situa\u00e7\u00f5es humilhantes e constrangedoras, repetitivas e prolongadas durante a jornada de trabalho e no exerc\u00edcio de suas fun\u00e7\u00f5es.<\/p>\n<p>S\u00e3o mais comuns em rela\u00e7\u00f5es hier\u00e1rquicas autorit\u00e1rias e assim\u00e9tricas, em que predominam condutas negativas, rela\u00e7\u00f5es desumanas e anti\u00e9ticas de longa dura\u00e7\u00e3o, de um ou mais chefes dirigida a um ou mais subordinado(s), desestabilizando a rela\u00e7\u00e3o da v\u00edtima com o ambiente de trabalho e a organiza\u00e7\u00e3o.<\/p>\n<p><strong>Como funciona o N\u00facleo de Apoio Psicol\u00f3gico do Sinpro\/AL?<\/strong><\/p>\n<p>O N\u00facleo de Apoio Psicol\u00f3gico (NAP) \u00e9 desenvolvido pelo psic\u00f3logo do Sindicato dos Professores de Alagoas (Sinpro\/AL), Albery Ferreira Lima (CRP 15\/4271), e est\u00e1 em pleno funcionamento nas segundas (12h \u00e0s 15h), quartas (9h \u00e0s 12h) e sextas (9h \u00e0s 12h) na sede da entidade classista, na Rua Santa Cruz, 352, no bairro do Farol, em Macei\u00f3. O NAP tem o intuito de ofertar os seguintes servi\u00e7os:<\/p>\n<p>1) Acolhimento dos profissionais da educa\u00e7\u00e3o;<\/p>\n<p>2) Encaminhamento para psicoterapia;<\/p>\n<p>3) Grupos (operativos, institucionais, comunit\u00e1rios e auto-ajuda);<\/p>\n<p>4) Promover palestras, workshop, semin\u00e1rios e<\/p>\n<p>5) Contribuir para capacita\u00e7\u00e3o, treinamento e desenvolvimento profissional.<\/p>\n<p>Vale lembrar que o atendimento aos docentes filiados ao Sindicato dos Professores de Alagoas dever\u00e1 ser agendado pelo contato: 3313-3607 ou pelo endere\u00e7o sinprosaude.al@gmail.com de segunda a sexta de 9h \u00e0s 15h.<\/p>\n<p>O N\u00facleo de Apoio Psicol\u00f3gico (NAP) \u00e9 um servi\u00e7o gratuito oferecido aos docentes filiados<\/p>\n","protected":false},"excerpt":{"rendered":"<p>O Sindicato dos Professores de Alagoas (Sinpro\/AL) lan\u00e7ou, em parceria com Minist\u00e9rio P\u00fablico do Trabalho (MPT) e com a Confedera\u00e7\u00e3o Nacional dos Trabalhadores em Estabelecimentos de Ensino (Contee), uma cartilha sobre preven\u00e7\u00e3o contra \u201cS\u00edndrome de Burnout\u201d e \u201cAss\u00e9dio Moral\u201d. O material foi desenvolvido pelo coordenador do N\u00facleo de Apoio Psicol\u00f3gico do Sinpro\/AL, o psic\u00f3logo Albery [&hellip;]<\/p>\n","protected":false},"author":4,"featured_media":5338,"comment_status":"open","ping_status":"open","sticky":false,"template":"","format":"standard","meta":{"footnotes":""},"categories":[4],"tags":[],"class_list":["post-5337","post","type-post","status-publish","format-standard","has-post-thumbnail","hentry","category-noticias-sinpro-al"],"_links":{"self":[{"href":"http:\/\/sinpro-al.com.br\/v2\/index.php?rest_route=\/wp\/v2\/posts\/5337","targetHints":{"allow":["GET"]}}],"collection":[{"href":"http:\/\/sinpro-al.com.br\/v2\/index.php?rest_route=\/wp\/v2\/posts"}],"about":[{"href":"http:\/\/sinpro-al.com.br\/v2\/index.php?rest_route=\/wp\/v2\/types\/post"}],"author":[{"embeddable":true,"href":"http:\/\/sinpro-al.com.br\/v2\/index.php?rest_route=\/wp\/v2\/users\/4"}],"replies":[{"embeddable":true,"href":"http:\/\/sinpro-al.com.br\/v2\/index.php?rest_route=%2Fwp%2Fv2%2Fcomments&post=5337"}],"version-history":[{"count":2,"href":"http:\/\/sinpro-al.com.br\/v2\/index.php?rest_route=\/wp\/v2\/posts\/5337\/revisions"}],"predecessor-version":[{"id":5358,"href":"http:\/\/sinpro-al.com.br\/v2\/index.php?rest_route=\/wp\/v2\/posts\/5337\/revisions\/5358"}],"wp:featuredmedia":[{"embeddable":true,"href":"http:\/\/sinpro-al.com.br\/v2\/index.php?rest_route=\/wp\/v2\/media\/5338"}],"wp:attachment":[{"href":"http:\/\/sinpro-al.com.br\/v2\/index.php?rest_route=%2Fwp%2Fv2%2Fmedia&parent=5337"}],"wp:term":[{"taxonomy":"category","embeddable":true,"href":"http:\/\/sinpro-al.com.br\/v2\/index.php?rest_route=%2Fwp%2Fv2%2Fcategories&post=5337"},{"taxonomy":"post_tag","embeddable":true,"href":"http:\/\/sinpro-al.com.br\/v2\/index.php?rest_route=%2Fwp%2Fv2%2Ftags&post=5337"}],"curies":[{"name":"wp","href":"https:\/\/api.w.org\/{rel}","templated":true}]}}