{"id":5333,"date":"2018-04-30T09:21:07","date_gmt":"2018-04-30T12:21:07","guid":{"rendered":"http:\/\/sinpro-al.com.br\/v2\/?p=5333"},"modified":"2018-04-30T09:21:07","modified_gmt":"2018-04-30T12:21:07","slug":"missa-de-7-dia-do-professor-rubao-sera-realiza-hoje-304-no-marista","status":"publish","type":"post","link":"http:\/\/sinpro-al.com.br\/v2\/?p=5333","title":{"rendered":"Missa de 7\u00b0 Dia do professor Rub\u00e3o ser\u00e1 realiza hoje (30\/4) no Marista"},"content":{"rendered":"<div id=\"attachment_5319\" style=\"width: 221px\" class=\"wp-caption alignleft\"><a href=\"http:\/\/sinpro-al.com.br\/v2\/wp-content\/uploads\/2018\/04\/Rub\u00e3o.jpg\"><img loading=\"lazy\" decoding=\"async\" aria-describedby=\"caption-attachment-5319\" class=\"wp-image-5319 size-medium\" src=\"http:\/\/sinpro-al.com.br\/v2\/wp-content\/uploads\/2018\/04\/Rub\u00e3o-211x300.jpg\" alt=\"\" width=\"211\" height=\"300\" srcset=\"http:\/\/sinpro-al.com.br\/v2\/wp-content\/uploads\/2018\/04\/Rub\u00e3o-211x300.jpg 211w, http:\/\/sinpro-al.com.br\/v2\/wp-content\/uploads\/2018\/04\/Rub\u00e3o-768x1093.jpg 768w, http:\/\/sinpro-al.com.br\/v2\/wp-content\/uploads\/2018\/04\/Rub\u00e3o-719x1024.jpg 719w, http:\/\/sinpro-al.com.br\/v2\/wp-content\/uploads\/2018\/04\/Rub\u00e3o.jpg 899w\" sizes=\"auto, (max-width: 211px) 100vw, 211px\" \/><\/a><p id=\"caption-attachment-5319\" class=\"wp-caption-text\">Rubem Viana, o professor Rub\u00e3o<\/p><\/div>\n<p><a href=\"http:\/\/sinpro-al.com.br\/v2\/wp-content\/uploads\/2018\/04\/Rub\u00e3o.jpg\"><\/a>Ser\u00e1 realizada hoje, 30\/4, \u00e0s 20h, no col\u00e9gio Marista, em Macei\u00f3, a missa de 7\u00b0 Dia do professor Rub\u00e3o.<\/p>\n<p>Familiares, amigos, alunos e ex-alunos est\u00e3o convidados para participar dessa homenagem ao eterno professor Rub\u00e3o.<\/p>\n","protected":false},"excerpt":{"rendered":"<p>Ser\u00e1 realizada hoje, 30\/4, \u00e0s 20h, no col\u00e9gio Marista, em Macei\u00f3, a missa de 7\u00b0 Dia do professor Rub\u00e3o. Familiares, amigos, alunos e ex-alunos est\u00e3o convidados para participar dessa homenagem ao eterno professor Rub\u00e3o.<\/p>\n","protected":false},"author":4,"featured_media":5319,"comment_status":"open","ping_status":"open","sticky":false,"template":"","format":"standard","meta":{"footnotes":""},"categories":[4],"tags":[],"class_list":["post-5333","post","type-post","status-publish","format-standard","has-post-thumbnail","hentry","category-noticias-sinpro-al"],"_links":{"self":[{"href":"http:\/\/sinpro-al.com.br\/v2\/index.php?rest_route=\/wp\/v2\/posts\/5333","targetHints":{"allow":["GET"]}}],"collection":[{"href":"http:\/\/sinpro-al.com.br\/v2\/index.php?rest_route=\/wp\/v2\/posts"}],"about":[{"href":"http:\/\/sinpro-al.com.br\/v2\/index.php?rest_route=\/wp\/v2\/types\/post"}],"author":[{"embeddable":true,"href":"http:\/\/sinpro-al.com.br\/v2\/index.php?rest_route=\/wp\/v2\/users\/4"}],"replies":[{"embeddable":true,"href":"http:\/\/sinpro-al.com.br\/v2\/index.php?rest_route=%2Fwp%2Fv2%2Fcomments&post=5333"}],"version-history":[{"count":1,"href":"http:\/\/sinpro-al.com.br\/v2\/index.php?rest_route=\/wp\/v2\/posts\/5333\/revisions"}],"predecessor-version":[{"id":5334,"href":"http:\/\/sinpro-al.com.br\/v2\/index.php?rest_route=\/wp\/v2\/posts\/5333\/revisions\/5334"}],"wp:featuredmedia":[{"embeddable":true,"href":"http:\/\/sinpro-al.com.br\/v2\/index.php?rest_route=\/wp\/v2\/media\/5319"}],"wp:attachment":[{"href":"http:\/\/sinpro-al.com.br\/v2\/index.php?rest_route=%2Fwp%2Fv2%2Fmedia&parent=5333"}],"wp:term":[{"taxonomy":"category","embeddable":true,"href":"http:\/\/sinpro-al.com.br\/v2\/index.php?rest_route=%2Fwp%2Fv2%2Fcategories&post=5333"},{"taxonomy":"post_tag","embeddable":true,"href":"http:\/\/sinpro-al.com.br\/v2\/index.php?rest_route=%2Fwp%2Fv2%2Ftags&post=5333"}],"curies":[{"name":"wp","href":"https:\/\/api.w.org\/{rel}","templated":true}]}}