{"id":533,"date":"2014-11-21T15:56:32","date_gmt":"2014-11-21T18:56:32","guid":{"rendered":"http:\/\/sinpro-al.com.br\/v2\/?p=533"},"modified":"2014-11-21T15:57:25","modified_gmt":"2014-11-21T18:57:25","slug":"533","status":"publish","type":"post","link":"http:\/\/sinpro-al.com.br\/v2\/?p=533","title":{"rendered":"Sinpro-AL participa do CONAE 2014"},"content":{"rendered":"<p>Com quatro mil participantes para discutir os rumos da educa\u00e7\u00e3o no pa\u00eds, acontece at\u00e9 o pr\u00f3ximo domingo (23) a\u00a0Confer\u00eancia Nacional de Educa\u00e7\u00e3o (Conae 2014). Com o tema norteador &#8220;O Plano Nacional de Educa\u00e7\u00e3o (PNE) na Articula\u00e7\u00e3o do Sistema<img loading=\"lazy\" decoding=\"async\" class=\"alignright  wp-image-534\" src=\"http:\/\/sinpro-al.com.br\/v2\/wp-content\/uploads\/2014\/11\/IMG-20141120-WA0001.jpg\" alt=\"IMG-20141120-WA0001\" width=\"308\" height=\"231\" srcset=\"http:\/\/sinpro-al.com.br\/v2\/wp-content\/uploads\/2014\/11\/IMG-20141120-WA0001.jpg 1280w, http:\/\/sinpro-al.com.br\/v2\/wp-content\/uploads\/2014\/11\/IMG-20141120-WA0001-300x225.jpg 300w, http:\/\/sinpro-al.com.br\/v2\/wp-content\/uploads\/2014\/11\/IMG-20141120-WA0001-1024x768.jpg 1024w\" sizes=\"auto, (max-width: 308px) 100vw, 308px\" \/> Nacional de Educa\u00e7\u00e3o: Participa\u00e7\u00e3o Popular, Coopera\u00e7\u00e3o Federativa e Regime de Colabora\u00e7\u00e3o&#8221;, a Confer\u00eancia apresentar\u00e1 um conjunto de propostas para subsidiar a implementa\u00e7\u00e3o do PNE, com indica\u00e7\u00e3o de responsabilidades, corresponsabilidades, atribui\u00e7\u00f5es concorrentes, complementares e colaborativas entre os entes federados e os sistemas de ensino.<\/p>\n<p>O texto de discuss\u00e3o da etapa nacional \u00e9 o Documento-Base. Ele teve origem nas emendas apresentadas e aprovadas ao Documento-Refer\u00eancia durante as Confer\u00eancias Estaduais e Distrital. Representando o Sindicato dos Professores do Estado de Alagoas (Sinpro-AL), o professor Lucas Soares, est\u00e1 participando dos debates sobre o tema.<\/p>\n<p>O presidente do Sinpro-AL, professor Fernando Firmino, comentou a participa\u00e7\u00e3o de Lucas no encontro. &#8220;\u00c9 de extrema import\u00e2ncia uma representa\u00e7\u00e3o nossa em grandes eventos como esse que discutem e contribuem para o futuro da Educa\u00e7\u00e3o no pa\u00eds&#8221;, disse.<\/p>\n<p>A primeira edi\u00e7\u00e3o da Conae ocorreu de 28 de mar\u00e7o e 1\u00ba de abril de 2010, tamb\u00e9m na capital federal. Os 2,5 mil delegados tomaram decis\u00f5es sobre a cria\u00e7\u00e3o do Sistema Nacional de Educa\u00e7\u00e3o, al\u00e9m de propor diretrizes e estrat\u00e9gias para a elabora\u00e7\u00e3o do PNE. Em dezembro daquele ano, o Plano foi conclu\u00eddo e enviado ao Congresso Nacional. Garantida pela Lei do PNE (n\u00ba 13.005), de 25 de junho deste ano, a pr\u00f3xima edi\u00e7\u00e3o da Conae est\u00e1 prevista para 2018.<\/p>\n<p>&nbsp;<\/p>\n","protected":false},"excerpt":{"rendered":"<p>Com quatro mil participantes para discutir os rumos da educa\u00e7\u00e3o no pa\u00eds, acontece at\u00e9 o pr\u00f3ximo domingo (23) a\u00a0Confer\u00eancia Nacional de Educa\u00e7\u00e3o (Conae 2014). Com o tema norteador &#8220;O Plano Nacional de Educa\u00e7\u00e3o (PNE) na Articula\u00e7\u00e3o do Sistema Nacional de Educa\u00e7\u00e3o: Participa\u00e7\u00e3o Popular, Coopera\u00e7\u00e3o Federativa e Regime de Colabora\u00e7\u00e3o&#8221;, a Confer\u00eancia apresentar\u00e1 um conjunto de [&hellip;]<\/p>\n","protected":false},"author":4,"featured_media":0,"comment_status":"open","ping_status":"open","sticky":false,"template":"","format":"standard","meta":{"footnotes":""},"categories":[18,14,13,4],"tags":[],"class_list":["post-533","post","type-post","status-publish","format-standard","hentry","category-alagoas","category-brasil","category-educacao","category-noticias-sinpro-al"],"_links":{"self":[{"href":"http:\/\/sinpro-al.com.br\/v2\/index.php?rest_route=\/wp\/v2\/posts\/533","targetHints":{"allow":["GET"]}}],"collection":[{"href":"http:\/\/sinpro-al.com.br\/v2\/index.php?rest_route=\/wp\/v2\/posts"}],"about":[{"href":"http:\/\/sinpro-al.com.br\/v2\/index.php?rest_route=\/wp\/v2\/types\/post"}],"author":[{"embeddable":true,"href":"http:\/\/sinpro-al.com.br\/v2\/index.php?rest_route=\/wp\/v2\/users\/4"}],"replies":[{"embeddable":true,"href":"http:\/\/sinpro-al.com.br\/v2\/index.php?rest_route=%2Fwp%2Fv2%2Fcomments&post=533"}],"version-history":[{"count":2,"href":"http:\/\/sinpro-al.com.br\/v2\/index.php?rest_route=\/wp\/v2\/posts\/533\/revisions"}],"predecessor-version":[{"id":536,"href":"http:\/\/sinpro-al.com.br\/v2\/index.php?rest_route=\/wp\/v2\/posts\/533\/revisions\/536"}],"wp:attachment":[{"href":"http:\/\/sinpro-al.com.br\/v2\/index.php?rest_route=%2Fwp%2Fv2%2Fmedia&parent=533"}],"wp:term":[{"taxonomy":"category","embeddable":true,"href":"http:\/\/sinpro-al.com.br\/v2\/index.php?rest_route=%2Fwp%2Fv2%2Fcategories&post=533"},{"taxonomy":"post_tag","embeddable":true,"href":"http:\/\/sinpro-al.com.br\/v2\/index.php?rest_route=%2Fwp%2Fv2%2Ftags&post=533"}],"curies":[{"name":"wp","href":"https:\/\/api.w.org\/{rel}","templated":true}]}}