{"id":5318,"date":"2018-04-25T13:10:29","date_gmt":"2018-04-25T16:10:29","guid":{"rendered":"http:\/\/sinpro-al.com.br\/v2\/?p=5318"},"modified":"2018-04-25T13:10:29","modified_gmt":"2018-04-25T16:10:29","slug":"rubao-o-ultimo-adeus","status":"publish","type":"post","link":"http:\/\/sinpro-al.com.br\/v2\/?p=5318","title":{"rendered":"Rub\u00e3o, o \u00faltimo adeus"},"content":{"rendered":"<div id=\"attachment_5319\" style=\"width: 221px\" class=\"wp-caption alignleft\"><a href=\"http:\/\/sinpro-al.com.br\/v2\/wp-content\/uploads\/2018\/04\/Rub\u00e3o.jpg\"><img loading=\"lazy\" decoding=\"async\" aria-describedby=\"caption-attachment-5319\" class=\"wp-image-5319 size-medium\" src=\"http:\/\/sinpro-al.com.br\/v2\/wp-content\/uploads\/2018\/04\/Rub\u00e3o-211x300.jpg\" alt=\"\" width=\"211\" height=\"300\" srcset=\"http:\/\/sinpro-al.com.br\/v2\/wp-content\/uploads\/2018\/04\/Rub\u00e3o-211x300.jpg 211w, http:\/\/sinpro-al.com.br\/v2\/wp-content\/uploads\/2018\/04\/Rub\u00e3o-768x1093.jpg 768w, http:\/\/sinpro-al.com.br\/v2\/wp-content\/uploads\/2018\/04\/Rub\u00e3o-719x1024.jpg 719w, http:\/\/sinpro-al.com.br\/v2\/wp-content\/uploads\/2018\/04\/Rub\u00e3o.jpg 899w\" sizes=\"auto, (max-width: 211px) 100vw, 211px\" \/><\/a><p id=\"caption-attachment-5319\" class=\"wp-caption-text\">Rub\u00e3o<\/p><\/div>\n<p>O professor Rubens Viana, o Rub\u00e3o, teve seu corpo sepultado no Parque das Flores na manh\u00e3 de hoje, 25\/4. O educador formou dezenas de gera\u00e7\u00f5es alagoanas e teve seu trabalho marcado de forma hist\u00f3rica no col\u00e9gio Marista, em Macei\u00f3.<\/p>\n<p>Rub\u00e3o estava em tratamento devido a um transplante de f\u00edgado em Recife, mas n\u00e3o resistiu. O sepultamento de Rub\u00e3o contou com a presen\u00e7a de familiares, amigos, professores e autoridades dos tr\u00eas poderes do Estado.<\/p>\n<p>Rub\u00e3o pautou sua vida profissional pela \u00e9tica, dedica\u00e7\u00e3o e responsabilidade. O educador sempre foi motivo de admira\u00e7\u00e3o entre seus colegas de profiss\u00e3o e por toda \u00a0comunidade educacional.<\/p>\n<p>Rub\u00e3o era casado com T\u00e2nia, com que teve os filhos\u00a0Tamyka, Rubem Jr. e Thiago.<\/p>\n<p>Vai em paz, nosso eterno professor Rub\u00e3o&#8230;<\/p>\n","protected":false},"excerpt":{"rendered":"<p>O professor Rubens Viana, o Rub\u00e3o, teve seu corpo sepultado no Parque das Flores na manh\u00e3 de hoje, 25\/4. O educador formou dezenas de gera\u00e7\u00f5es alagoanas e teve seu trabalho marcado de forma hist\u00f3rica no col\u00e9gio Marista, em Macei\u00f3. Rub\u00e3o estava em tratamento devido a um transplante de f\u00edgado em Recife, mas n\u00e3o resistiu. O [&hellip;]<\/p>\n","protected":false},"author":4,"featured_media":5319,"comment_status":"open","ping_status":"open","sticky":false,"template":"","format":"standard","meta":{"footnotes":""},"categories":[4],"tags":[],"class_list":["post-5318","post","type-post","status-publish","format-standard","has-post-thumbnail","hentry","category-noticias-sinpro-al"],"_links":{"self":[{"href":"http:\/\/sinpro-al.com.br\/v2\/index.php?rest_route=\/wp\/v2\/posts\/5318","targetHints":{"allow":["GET"]}}],"collection":[{"href":"http:\/\/sinpro-al.com.br\/v2\/index.php?rest_route=\/wp\/v2\/posts"}],"about":[{"href":"http:\/\/sinpro-al.com.br\/v2\/index.php?rest_route=\/wp\/v2\/types\/post"}],"author":[{"embeddable":true,"href":"http:\/\/sinpro-al.com.br\/v2\/index.php?rest_route=\/wp\/v2\/users\/4"}],"replies":[{"embeddable":true,"href":"http:\/\/sinpro-al.com.br\/v2\/index.php?rest_route=%2Fwp%2Fv2%2Fcomments&post=5318"}],"version-history":[{"count":1,"href":"http:\/\/sinpro-al.com.br\/v2\/index.php?rest_route=\/wp\/v2\/posts\/5318\/revisions"}],"predecessor-version":[{"id":5320,"href":"http:\/\/sinpro-al.com.br\/v2\/index.php?rest_route=\/wp\/v2\/posts\/5318\/revisions\/5320"}],"wp:featuredmedia":[{"embeddable":true,"href":"http:\/\/sinpro-al.com.br\/v2\/index.php?rest_route=\/wp\/v2\/media\/5319"}],"wp:attachment":[{"href":"http:\/\/sinpro-al.com.br\/v2\/index.php?rest_route=%2Fwp%2Fv2%2Fmedia&parent=5318"}],"wp:term":[{"taxonomy":"category","embeddable":true,"href":"http:\/\/sinpro-al.com.br\/v2\/index.php?rest_route=%2Fwp%2Fv2%2Fcategories&post=5318"},{"taxonomy":"post_tag","embeddable":true,"href":"http:\/\/sinpro-al.com.br\/v2\/index.php?rest_route=%2Fwp%2Fv2%2Ftags&post=5318"}],"curies":[{"name":"wp","href":"https:\/\/api.w.org\/{rel}","templated":true}]}}