{"id":5314,"date":"2018-04-24T13:29:39","date_gmt":"2018-04-24T16:29:39","guid":{"rendered":"http:\/\/sinpro-al.com.br\/v2\/?p=5314"},"modified":"2018-04-24T13:29:39","modified_gmt":"2018-04-24T16:29:39","slug":"nota-de-pesar-18","status":"publish","type":"post","link":"http:\/\/sinpro-al.com.br\/v2\/?p=5314","title":{"rendered":"Nota de pesar"},"content":{"rendered":"<p><a href=\"http:\/\/sinpro-al.com.br\/v2\/wp-content\/uploads\/2018\/04\/rub\u00e3o-luto.jpg\"><img loading=\"lazy\" decoding=\"async\" class=\"alignleft size-medium wp-image-5315\" src=\"http:\/\/sinpro-al.com.br\/v2\/wp-content\/uploads\/2018\/04\/rub\u00e3o-luto-120x300.jpg\" alt=\"\" width=\"120\" height=\"300\" srcset=\"http:\/\/sinpro-al.com.br\/v2\/wp-content\/uploads\/2018\/04\/rub\u00e3o-luto-120x300.jpg 120w, http:\/\/sinpro-al.com.br\/v2\/wp-content\/uploads\/2018\/04\/rub\u00e3o-luto-411x1024.jpg 411w, http:\/\/sinpro-al.com.br\/v2\/wp-content\/uploads\/2018\/04\/rub\u00e3o-luto.jpg 486w\" sizes=\"auto, (max-width: 120px) 100vw, 120px\" \/><\/a>O Sindicato dos Professores de Alagoas (Sinpro\/AL) lamenta com profundo pesar o falecimento do professor Rub\u00e3o.<\/p>\n<p>Rub\u00e3o dedicou sua vida a doc\u00eancia e fez hist\u00f3ria no col\u00e9gio Marista, em Macei\u00f3.<\/p>\n<p>O corpo de Rub\u00e3o est\u00e1 sendo trazido de Recife para Macei\u00f3 e o sepultamento acontece amanh\u00e3 no Parque das Flores, \u00e0s 11h, nesta quarta, 25\/4.<\/p>\n<p>Os professores alagoanos est\u00e3o de luto.<\/p>\n<p>Que Deus com sua infinita bondade conforte seus familiares e amigos nesse momento de dor e saudade.<\/p>\n<p style=\"text-align: left;\"><strong>A Diretoria<\/strong><\/p>\n<p>Sinpro\/AL \u00a0tinha realizado uma recente homenagem ao professor Rub\u00e3o, confira: <a href=\"http:\/\/sinpro-al.com.br\/v2\/?p=4781\">http:\/\/sinpro-al.com.br\/v2\/?p=4781<\/a><\/p>\n","protected":false},"excerpt":{"rendered":"<p>O Sindicato dos Professores de Alagoas (Sinpro\/AL) lamenta com profundo pesar o falecimento do professor Rub\u00e3o. Rub\u00e3o dedicou sua vida a doc\u00eancia e fez hist\u00f3ria no col\u00e9gio Marista, em Macei\u00f3. O corpo de Rub\u00e3o est\u00e1 sendo trazido de Recife para Macei\u00f3 e o sepultamento acontece amanh\u00e3 no Parque das Flores, \u00e0s 11h, nesta quarta, 25\/4. [&hellip;]<\/p>\n","protected":false},"author":4,"featured_media":4645,"comment_status":"open","ping_status":"open","sticky":false,"template":"","format":"standard","meta":{"footnotes":""},"categories":[4],"tags":[],"class_list":["post-5314","post","type-post","status-publish","format-standard","has-post-thumbnail","hentry","category-noticias-sinpro-al"],"_links":{"self":[{"href":"http:\/\/sinpro-al.com.br\/v2\/index.php?rest_route=\/wp\/v2\/posts\/5314","targetHints":{"allow":["GET"]}}],"collection":[{"href":"http:\/\/sinpro-al.com.br\/v2\/index.php?rest_route=\/wp\/v2\/posts"}],"about":[{"href":"http:\/\/sinpro-al.com.br\/v2\/index.php?rest_route=\/wp\/v2\/types\/post"}],"author":[{"embeddable":true,"href":"http:\/\/sinpro-al.com.br\/v2\/index.php?rest_route=\/wp\/v2\/users\/4"}],"replies":[{"embeddable":true,"href":"http:\/\/sinpro-al.com.br\/v2\/index.php?rest_route=%2Fwp%2Fv2%2Fcomments&post=5314"}],"version-history":[{"count":1,"href":"http:\/\/sinpro-al.com.br\/v2\/index.php?rest_route=\/wp\/v2\/posts\/5314\/revisions"}],"predecessor-version":[{"id":5317,"href":"http:\/\/sinpro-al.com.br\/v2\/index.php?rest_route=\/wp\/v2\/posts\/5314\/revisions\/5317"}],"wp:featuredmedia":[{"embeddable":true,"href":"http:\/\/sinpro-al.com.br\/v2\/index.php?rest_route=\/wp\/v2\/media\/4645"}],"wp:attachment":[{"href":"http:\/\/sinpro-al.com.br\/v2\/index.php?rest_route=%2Fwp%2Fv2%2Fmedia&parent=5314"}],"wp:term":[{"taxonomy":"category","embeddable":true,"href":"http:\/\/sinpro-al.com.br\/v2\/index.php?rest_route=%2Fwp%2Fv2%2Fcategories&post=5314"},{"taxonomy":"post_tag","embeddable":true,"href":"http:\/\/sinpro-al.com.br\/v2\/index.php?rest_route=%2Fwp%2Fv2%2Ftags&post=5314"}],"curies":[{"name":"wp","href":"https:\/\/api.w.org\/{rel}","templated":true}]}}