{"id":530,"date":"2014-11-20T09:10:47","date_gmt":"2014-11-20T12:10:47","guid":{"rendered":"http:\/\/sinpro-al.com.br\/v2\/?p=530"},"modified":"2014-11-18T12:26:53","modified_gmt":"2014-11-18T15:26:53","slug":"mensagem-para-o-dia-da-conscencia-negra","status":"publish","type":"post","link":"http:\/\/sinpro-al.com.br\/v2\/?p=530","title":{"rendered":"MENSAGEM PARA O DIA DA CONSC\u00caNCIA NEGRA"},"content":{"rendered":"<p>Nossa terra \u00e9 banhada das mais lindas \u00e1guas; tem o cheiro de uma gastronomia regada a sururu e camar\u00e3o; \u00e9 colorida como as rendas bordadas<a href=\"http:\/\/sinpro-al.com.br\/v2\/wp-content\/uploads\/2014\/11\/hm_conscnegra20nov12.jpg\"><img loading=\"lazy\" decoding=\"async\" class=\"alignright size-full wp-image-531\" src=\"http:\/\/sinpro-al.com.br\/v2\/wp-content\/uploads\/2014\/11\/hm_conscnegra20nov12.jpg\" alt=\"hm_conscnegra20nov12\" width=\"367\" height=\"225\" srcset=\"http:\/\/sinpro-al.com.br\/v2\/wp-content\/uploads\/2014\/11\/hm_conscnegra20nov12.jpg 367w, http:\/\/sinpro-al.com.br\/v2\/wp-content\/uploads\/2014\/11\/hm_conscnegra20nov12-300x183.jpg 300w\" sizes=\"auto, (max-width: 367px) 100vw, 367px\" \/><\/a> no bairro do Pontal, em Macei\u00f3. E corre pelas suas veias o exemplo de liberdade de Zumbi e seus companheiros no Quilombo dos Palmares.<\/p>\n<p>Neste dia em que comemoramos a Consci\u00eancia Negra, o Sindicato dos Professores do Estado de Alagoas (Sinpro-AL) reafirma seu compromisso pelo respeito e igualdade entre todos. \u00c9 inimagin\u00e1vel no tempo em que estamos, pensamentos preconceituosos em que as pessoas s\u00e3o julgadas pela sua cor.<\/p>\n<p>Temos sangue negro correndo em nossas veias. O DNA de um povo que foi arrancado de sua terra e vindo para este pa\u00eds, onde foram obrigados a trabalhar, mas depois com carinho a chamaram de \u201clar\u201d. E por aqui ficaram e fortaleceram ainda mais a na\u00e7\u00e3o.<\/p>\n<p>Continuaremos e persistiremos, n\u00e3o somente contra o preconceito racial, mas a qualquer forma de segrega\u00e7\u00e3o que separe a sociedade.<\/p>\n<p>A luta do Quilombo dos Palmares n\u00e3o foi em v\u00e3o e seu exemplo continuar\u00e1 alimentando o desejo de dia melhores.<\/p>\n<p style=\"text-align: right;\">Fernando Firmino<br \/>\nPresidente do Sinpro-AL<\/p>\n","protected":false},"excerpt":{"rendered":"<p>Nossa terra \u00e9 banhada das mais lindas \u00e1guas; tem o cheiro de uma gastronomia regada a sururu e camar\u00e3o; \u00e9 colorida como as rendas bordadas no bairro do Pontal, em Macei\u00f3. E corre pelas suas veias o exemplo de liberdade de Zumbi e seus companheiros no Quilombo dos Palmares. Neste dia em que comemoramos a [&hellip;]<\/p>\n","protected":false},"author":4,"featured_media":0,"comment_status":"open","ping_status":"open","sticky":false,"template":"","format":"standard","meta":{"footnotes":""},"categories":[18,14,4],"tags":[],"class_list":["post-530","post","type-post","status-publish","format-standard","hentry","category-alagoas","category-brasil","category-noticias-sinpro-al"],"_links":{"self":[{"href":"http:\/\/sinpro-al.com.br\/v2\/index.php?rest_route=\/wp\/v2\/posts\/530","targetHints":{"allow":["GET"]}}],"collection":[{"href":"http:\/\/sinpro-al.com.br\/v2\/index.php?rest_route=\/wp\/v2\/posts"}],"about":[{"href":"http:\/\/sinpro-al.com.br\/v2\/index.php?rest_route=\/wp\/v2\/types\/post"}],"author":[{"embeddable":true,"href":"http:\/\/sinpro-al.com.br\/v2\/index.php?rest_route=\/wp\/v2\/users\/4"}],"replies":[{"embeddable":true,"href":"http:\/\/sinpro-al.com.br\/v2\/index.php?rest_route=%2Fwp%2Fv2%2Fcomments&post=530"}],"version-history":[{"count":1,"href":"http:\/\/sinpro-al.com.br\/v2\/index.php?rest_route=\/wp\/v2\/posts\/530\/revisions"}],"predecessor-version":[{"id":532,"href":"http:\/\/sinpro-al.com.br\/v2\/index.php?rest_route=\/wp\/v2\/posts\/530\/revisions\/532"}],"wp:attachment":[{"href":"http:\/\/sinpro-al.com.br\/v2\/index.php?rest_route=%2Fwp%2Fv2%2Fmedia&parent=530"}],"wp:term":[{"taxonomy":"category","embeddable":true,"href":"http:\/\/sinpro-al.com.br\/v2\/index.php?rest_route=%2Fwp%2Fv2%2Fcategories&post=530"},{"taxonomy":"post_tag","embeddable":true,"href":"http:\/\/sinpro-al.com.br\/v2\/index.php?rest_route=%2Fwp%2Fv2%2Ftags&post=530"}],"curies":[{"name":"wp","href":"https:\/\/api.w.org\/{rel}","templated":true}]}}