{"id":5298,"date":"2018-04-19T10:16:18","date_gmt":"2018-04-19T13:16:18","guid":{"rendered":"http:\/\/sinpro-al.com.br\/v2\/?p=5298"},"modified":"2018-04-20T07:08:08","modified_gmt":"2018-04-20T10:08:08","slug":"mpf-diretores-do-sinproal-relatam-problemas-na-repasse-de-verbas-previdenciarias-para-procurador-da-republica","status":"publish","type":"post","link":"http:\/\/sinpro-al.com.br\/v2\/?p=5298","title":{"rendered":"MPF: diretores do Sinpro\/AL relatam problemas no repasse de verbas previdenci\u00e1rias para procurador da Rep\u00fablica \u00a0"},"content":{"rendered":"<div id=\"attachment_5299\" style=\"width: 310px\" class=\"wp-caption alignleft\"><a href=\"http:\/\/sinpro-al.com.br\/v2\/wp-content\/uploads\/2018\/04\/mpf-reuniao.jpg\"><img loading=\"lazy\" decoding=\"async\" aria-describedby=\"caption-attachment-5299\" class=\"wp-image-5299 size-medium\" src=\"http:\/\/sinpro-al.com.br\/v2\/wp-content\/uploads\/2018\/04\/mpf-reuniao-300x225.jpg\" alt=\"\" width=\"300\" height=\"225\" srcset=\"http:\/\/sinpro-al.com.br\/v2\/wp-content\/uploads\/2018\/04\/mpf-reuniao-300x225.jpg 300w, http:\/\/sinpro-al.com.br\/v2\/wp-content\/uploads\/2018\/04\/mpf-reuniao-768x576.jpg 768w, http:\/\/sinpro-al.com.br\/v2\/wp-content\/uploads\/2018\/04\/mpf-reuniao-1024x768.jpg 1024w, http:\/\/sinpro-al.com.br\/v2\/wp-content\/uploads\/2018\/04\/mpf-reuniao.jpg 1032w\" sizes=\"auto, (max-width: 300px) 100vw, 300px\" \/><\/a><p id=\"caption-attachment-5299\" class=\"wp-caption-text\">Gino\u00a0S\u00e9rvio, Eduardo Vasconcelos e Jos\u00e9 Nivaldo Mota<\/p><\/div>\n<p>O presidente do Sindicato dos Professores de Alagoas (Sinpro\/AL) e o vice, Eduardo Vasconcelos e Jos\u00e9 Nivaldo Mota, respectivamente, estiveram reunidos com o procurador da Rep\u00fablica, Gino\u00a0S\u00e9rvio Malta L\u00f4bo, na sede do Minist\u00e9rio P\u00fablico Federal (MPF), em Macei\u00f3, para alertar uma constante pr\u00e1tica dos estabelecimentos privados de ensino de Alagoas: o recolhimento da contribui\u00e7\u00e3o previdenci\u00e1ria dos trabalhadores por parte da empresa, mas o n\u00e3o repasse para Previd\u00eancia Social.<\/p>\n<p>Eduardo Vasconcelos pontuou que quando o professor vai se aposentar geralmente tem que ingressar na Justi\u00e7a para garantir seus direitos, o que \u00e9 transtorno desnecess\u00e1rio, uma vez que o docente passou anos tendo as contribui\u00e7\u00f5es descontadas em seus vencimentos mensais. \u201cO que \u00e9 direito vem sendo motivo de problem\u00e1ticas e isso geralmente esbarra no Sindicato, onde disponibilizamos nossa assessoria jur\u00eddica para acompanhar os in\u00fameros casos\u201d.<\/p>\n<p>Por sua vez, Mota relatou que recentemente um professor foi observar na Caixa Econ\u00f4mica Federal como estava sua quest\u00e3o financeira para se aposentar e constava pouco mais de R$ 2 mil de recolhimento, quando na verdade o educador leciona h\u00e1 mais de duas d\u00e9cadas em v\u00e1rios col\u00e9gios e cursinhos. Ou seja, mais um caso do n\u00e3o repasse da contribui\u00e7\u00e3o previdenci\u00e1ria por parte dos empregadores.<\/p>\n<p>Ap\u00f3s discorrer sobre o tema, o procurador da Rep\u00fablica colocou que o MPF tem agindo nesses casos em conjunto com a Receita Federal. \u201cQuando os dados s\u00e3o trazidos e comprovados pedimos a condena\u00e7\u00e3o do mesmos, como j\u00e1 aconteceu recentemente\u201d, disse Gino\u00a0S\u00e9rvio Malta L\u00f4bo.<\/p>\n<p>A diretoria do Sinpro\/AL segue colhendo elementos que comprovam o il\u00edcito, por parte dos estabelecimentos de ensino no Estado, levando os dados para\u00a0\u00a0 Receita Federal e para o Minist\u00e9rio P\u00fablico do Trabalho na tentativa que os crimes de apropria\u00e7\u00e3o ind\u00e9bita sejam combatidos no rigor da lei. \u00a0Vale ressaltar que essa tipifica\u00e7\u00e3o criminal contra previd\u00eancia podem levar os culpados ao regime de reclus\u00e3o e pagamento de multa.<\/p>\n<p>A diretoria do Sinpro\/AL segue em alerta aos in\u00fameros casos de desrespeito por parte dos estabelecimentos de ensino e busca nos \u00f3rg\u00e3os de controle uma solu\u00e7\u00e3o c\u00e9lere.<\/p>\n<p>Somos professores com orgulho e exigimos respeito!<\/p>\n<p>&nbsp;<\/p>\n<p>&nbsp;<\/p>\n<p>&nbsp;<\/p>\n","protected":false},"excerpt":{"rendered":"<p>O presidente do Sindicato dos Professores de Alagoas (Sinpro\/AL) e o vice, Eduardo Vasconcelos e Jos\u00e9 Nivaldo Mota, respectivamente, estiveram reunidos com o procurador da Rep\u00fablica, Gino\u00a0S\u00e9rvio Malta L\u00f4bo, na sede do Minist\u00e9rio P\u00fablico Federal (MPF), em Macei\u00f3, para alertar uma constante pr\u00e1tica dos estabelecimentos privados de ensino de Alagoas: o recolhimento da contribui\u00e7\u00e3o previdenci\u00e1ria [&hellip;]<\/p>\n","protected":false},"author":4,"featured_media":5299,"comment_status":"open","ping_status":"open","sticky":false,"template":"","format":"standard","meta":{"footnotes":""},"categories":[4],"tags":[],"class_list":["post-5298","post","type-post","status-publish","format-standard","has-post-thumbnail","hentry","category-noticias-sinpro-al"],"_links":{"self":[{"href":"http:\/\/sinpro-al.com.br\/v2\/index.php?rest_route=\/wp\/v2\/posts\/5298","targetHints":{"allow":["GET"]}}],"collection":[{"href":"http:\/\/sinpro-al.com.br\/v2\/index.php?rest_route=\/wp\/v2\/posts"}],"about":[{"href":"http:\/\/sinpro-al.com.br\/v2\/index.php?rest_route=\/wp\/v2\/types\/post"}],"author":[{"embeddable":true,"href":"http:\/\/sinpro-al.com.br\/v2\/index.php?rest_route=\/wp\/v2\/users\/4"}],"replies":[{"embeddable":true,"href":"http:\/\/sinpro-al.com.br\/v2\/index.php?rest_route=%2Fwp%2Fv2%2Fcomments&post=5298"}],"version-history":[{"count":2,"href":"http:\/\/sinpro-al.com.br\/v2\/index.php?rest_route=\/wp\/v2\/posts\/5298\/revisions"}],"predecessor-version":[{"id":5301,"href":"http:\/\/sinpro-al.com.br\/v2\/index.php?rest_route=\/wp\/v2\/posts\/5298\/revisions\/5301"}],"wp:featuredmedia":[{"embeddable":true,"href":"http:\/\/sinpro-al.com.br\/v2\/index.php?rest_route=\/wp\/v2\/media\/5299"}],"wp:attachment":[{"href":"http:\/\/sinpro-al.com.br\/v2\/index.php?rest_route=%2Fwp%2Fv2%2Fmedia&parent=5298"}],"wp:term":[{"taxonomy":"category","embeddable":true,"href":"http:\/\/sinpro-al.com.br\/v2\/index.php?rest_route=%2Fwp%2Fv2%2Fcategories&post=5298"},{"taxonomy":"post_tag","embeddable":true,"href":"http:\/\/sinpro-al.com.br\/v2\/index.php?rest_route=%2Fwp%2Fv2%2Ftags&post=5298"}],"curies":[{"name":"wp","href":"https:\/\/api.w.org\/{rel}","templated":true}]}}