{"id":5290,"date":"2018-04-11T18:11:34","date_gmt":"2018-04-11T21:11:34","guid":{"rendered":"http:\/\/sinpro-al.com.br\/v2\/?p=5290"},"modified":"2018-04-11T18:36:58","modified_gmt":"2018-04-11T21:36:58","slug":"reajuste-salarial-do-professores-da-rede-superior-de-ensino-sera-discutido-em-maio","status":"publish","type":"post","link":"http:\/\/sinpro-al.com.br\/v2\/?p=5290","title":{"rendered":"Reajuste salarial do professores da rede superior de ensino ser\u00e1 discutido em maio"},"content":{"rendered":"<div id=\"attachment_5291\" style=\"width: 216px\" class=\"wp-caption alignleft\"><a href=\"http:\/\/sinpro-al.com.br\/v2\/wp-content\/uploads\/2018\/04\/doc-mpt-2.jpg\"><img loading=\"lazy\" decoding=\"async\" aria-describedby=\"caption-attachment-5291\" class=\"wp-image-5291 size-medium\" src=\"http:\/\/sinpro-al.com.br\/v2\/wp-content\/uploads\/2018\/04\/doc-mpt-2-206x300.jpg\" alt=\"\" width=\"206\" height=\"300\" srcset=\"http:\/\/sinpro-al.com.br\/v2\/wp-content\/uploads\/2018\/04\/doc-mpt-2-206x300.jpg 206w, http:\/\/sinpro-al.com.br\/v2\/wp-content\/uploads\/2018\/04\/doc-mpt-2.jpg 703w\" sizes=\"auto, (max-width: 206px) 100vw, 206px\" \/><\/a><p id=\"caption-attachment-5291\" class=\"wp-caption-text\">Clique para ampliar a imagem<\/p><\/div>\n<p>Est\u00e1 agendada para o pr\u00f3ximo dia 10\/5, \u00e0s 9h, na sede do Minist\u00e9rio P\u00fablico do Trabalho (MPT) uma audi\u00eancia entre o Sindicato dos Professores de Alagoas(Sinpro\/AL) e o Sindicato dos Estabelecimentos de Ensino Superior para discutir o reajuste salarial dos professores da rede superior de ensino.<\/p>\n<p>O n\u00famero que baliza o reajuste \u00e9 medido pelo \u00cdndice Nacional de Pre\u00e7os ao Consumidor (INPC) e Instituto Brasileiro de Geografia e Estat\u00edstica (IBGE), onde o acumulado do ano foi de 1,81%.<\/p>\n<p style=\"text-align: left;\">Essa ser\u00e1 a primeira rodada de negocia\u00e7\u00f5es entre os representantes dos professores e o Sindicato patronal.<\/p>\n<p><strong>Vale destacar<\/strong><\/p>\n<p>O\u00a0 reajuste salarial dos professores do ensino b\u00e1sico ser\u00e1 discutido na segunda, 23\/4, \u00e0s 9:30, na sede do MPT, em Macei\u00f3.<\/p>\n<p>O Sinpro\/AL pediu como proposta inicial um reajuste para os docentes de 7,81%.<\/p>\n<p>A diretoria do Sinpro\/AL espera avan\u00e7ar nas negocia\u00e7\u00f5es para que os professores das redes b\u00e1sica e superior possam ter a valoriza\u00e7\u00e3o merecida.<\/p>\n<p>Somos professores com orgulho e exigimos respeito!<\/p>\n<p><a href=\"http:\/\/sinpro-al.com.br\/v2\/wp-content\/uploads\/2016\/02\/REAJUSTE.jpg\"><img loading=\"lazy\" decoding=\"async\" class=\"alignleft size-medium wp-image-2139\" src=\"http:\/\/sinpro-al.com.br\/v2\/wp-content\/uploads\/2016\/02\/REAJUSTE-282x300.jpg\" alt=\"\" width=\"282\" height=\"300\" srcset=\"http:\/\/sinpro-al.com.br\/v2\/wp-content\/uploads\/2016\/02\/REAJUSTE-282x300.jpg 282w, http:\/\/sinpro-al.com.br\/v2\/wp-content\/uploads\/2016\/02\/REAJUSTE.jpg 600w\" sizes=\"auto, (max-width: 282px) 100vw, 282px\" \/><\/a><\/p>\n","protected":false},"excerpt":{"rendered":"<p>Est\u00e1 agendada para o pr\u00f3ximo dia 10\/5, \u00e0s 9h, na sede do Minist\u00e9rio P\u00fablico do Trabalho (MPT) uma audi\u00eancia entre o Sindicato dos Professores de Alagoas(Sinpro\/AL) e o Sindicato dos Estabelecimentos de Ensino Superior para discutir o reajuste salarial dos professores da rede superior de ensino. O n\u00famero que baliza o reajuste \u00e9 medido pelo [&hellip;]<\/p>\n","protected":false},"author":4,"featured_media":2932,"comment_status":"open","ping_status":"open","sticky":false,"template":"","format":"standard","meta":{"footnotes":""},"categories":[4],"tags":[],"class_list":["post-5290","post","type-post","status-publish","format-standard","has-post-thumbnail","hentry","category-noticias-sinpro-al"],"_links":{"self":[{"href":"http:\/\/sinpro-al.com.br\/v2\/index.php?rest_route=\/wp\/v2\/posts\/5290","targetHints":{"allow":["GET"]}}],"collection":[{"href":"http:\/\/sinpro-al.com.br\/v2\/index.php?rest_route=\/wp\/v2\/posts"}],"about":[{"href":"http:\/\/sinpro-al.com.br\/v2\/index.php?rest_route=\/wp\/v2\/types\/post"}],"author":[{"embeddable":true,"href":"http:\/\/sinpro-al.com.br\/v2\/index.php?rest_route=\/wp\/v2\/users\/4"}],"replies":[{"embeddable":true,"href":"http:\/\/sinpro-al.com.br\/v2\/index.php?rest_route=%2Fwp%2Fv2%2Fcomments&post=5290"}],"version-history":[{"count":2,"href":"http:\/\/sinpro-al.com.br\/v2\/index.php?rest_route=\/wp\/v2\/posts\/5290\/revisions"}],"predecessor-version":[{"id":5293,"href":"http:\/\/sinpro-al.com.br\/v2\/index.php?rest_route=\/wp\/v2\/posts\/5290\/revisions\/5293"}],"wp:featuredmedia":[{"embeddable":true,"href":"http:\/\/sinpro-al.com.br\/v2\/index.php?rest_route=\/wp\/v2\/media\/2932"}],"wp:attachment":[{"href":"http:\/\/sinpro-al.com.br\/v2\/index.php?rest_route=%2Fwp%2Fv2%2Fmedia&parent=5290"}],"wp:term":[{"taxonomy":"category","embeddable":true,"href":"http:\/\/sinpro-al.com.br\/v2\/index.php?rest_route=%2Fwp%2Fv2%2Fcategories&post=5290"},{"taxonomy":"post_tag","embeddable":true,"href":"http:\/\/sinpro-al.com.br\/v2\/index.php?rest_route=%2Fwp%2Fv2%2Ftags&post=5290"}],"curies":[{"name":"wp","href":"https:\/\/api.w.org\/{rel}","templated":true}]}}