{"id":5283,"date":"2018-04-10T13:03:53","date_gmt":"2018-04-10T16:03:53","guid":{"rendered":"http:\/\/sinpro-al.com.br\/v2\/?p=5283"},"modified":"2018-04-10T13:07:09","modified_gmt":"2018-04-10T16:07:09","slug":"reajuste-salarial-audiencia-no-mpt-e-remarcada","status":"publish","type":"post","link":"http:\/\/sinpro-al.com.br\/v2\/?p=5283","title":{"rendered":"Reajuste salarial: audi\u00eancia no MPT \u00e9 remarcada"},"content":{"rendered":"<div id=\"attachment_5284\" style=\"width: 241px\" class=\"wp-caption alignleft\"><a href=\"http:\/\/sinpro-al.com.br\/v2\/wp-content\/uploads\/2018\/04\/doc-MPT.jpg\"><img loading=\"lazy\" decoding=\"async\" aria-describedby=\"caption-attachment-5284\" class=\"wp-image-5284 size-medium\" src=\"http:\/\/sinpro-al.com.br\/v2\/wp-content\/uploads\/2018\/04\/doc-MPT-231x300.jpg\" alt=\"\" width=\"231\" height=\"300\" srcset=\"http:\/\/sinpro-al.com.br\/v2\/wp-content\/uploads\/2018\/04\/doc-MPT-231x300.jpg 231w, http:\/\/sinpro-al.com.br\/v2\/wp-content\/uploads\/2018\/04\/doc-MPT.jpg 701w\" sizes=\"auto, (max-width: 231px) 100vw, 231px\" \/><\/a><p id=\"caption-attachment-5284\" class=\"wp-caption-text\">Clique para ampliar a imagem<\/p><\/div>\n<p>Audi\u00eancia no Minist\u00e9rio P\u00fablico do Trabalho (MPT) que ir\u00e1 tratar do reajuste salarial dos professores do ensino b\u00e1sico foi remarcada para segunda, 23\/4, \u00e0s 9:30, na sede do MPT, em Macei\u00f3. Vale salientar que o par\u00e2metro que baliza o reajuste \u00e9 medido pelo \u00cdndice Nacional de Pre\u00e7os ao Consumidor (INPC) e Instituto Brasileiro de Geografia e Estat\u00edstica (IBGE), onde o acumulado do ano foi de 1,81%.<\/p>\n<p>Ciente desses dados, a diretoria da entidade classista pediu como proposta inicial um reajuste salarial para os docentes de 7,81%. Para dar mais seguran\u00e7a jur\u00eddica as tratativas, as negocia\u00e7\u00f5es ser\u00e3o realizadas no MPT.<\/p>\n<p>O Sinpro\/AL solicitou, tamb\u00e9m, ao MPT uma audi\u00eancia de medi\u00e7\u00e3o para discutir o reajuste dos professores da rede superior de ensino, o que deve ser marcado em breve.<\/p>\n<p>Somos professores com orgulho e exigimos respeito!<\/p>\n<p>&nbsp;<\/p>\n","protected":false},"excerpt":{"rendered":"<p>Audi\u00eancia no Minist\u00e9rio P\u00fablico do Trabalho (MPT) que ir\u00e1 tratar do reajuste salarial dos professores do ensino b\u00e1sico foi remarcada para segunda, 23\/4, \u00e0s 9:30, na sede do MPT, em Macei\u00f3. Vale salientar que o par\u00e2metro que baliza o reajuste \u00e9 medido pelo \u00cdndice Nacional de Pre\u00e7os ao Consumidor (INPC) e Instituto Brasileiro de Geografia [&hellip;]<\/p>\n","protected":false},"author":4,"featured_media":2139,"comment_status":"open","ping_status":"open","sticky":false,"template":"","format":"standard","meta":{"footnotes":""},"categories":[4],"tags":[],"class_list":["post-5283","post","type-post","status-publish","format-standard","has-post-thumbnail","hentry","category-noticias-sinpro-al"],"_links":{"self":[{"href":"http:\/\/sinpro-al.com.br\/v2\/index.php?rest_route=\/wp\/v2\/posts\/5283","targetHints":{"allow":["GET"]}}],"collection":[{"href":"http:\/\/sinpro-al.com.br\/v2\/index.php?rest_route=\/wp\/v2\/posts"}],"about":[{"href":"http:\/\/sinpro-al.com.br\/v2\/index.php?rest_route=\/wp\/v2\/types\/post"}],"author":[{"embeddable":true,"href":"http:\/\/sinpro-al.com.br\/v2\/index.php?rest_route=\/wp\/v2\/users\/4"}],"replies":[{"embeddable":true,"href":"http:\/\/sinpro-al.com.br\/v2\/index.php?rest_route=%2Fwp%2Fv2%2Fcomments&post=5283"}],"version-history":[{"count":4,"href":"http:\/\/sinpro-al.com.br\/v2\/index.php?rest_route=\/wp\/v2\/posts\/5283\/revisions"}],"predecessor-version":[{"id":5289,"href":"http:\/\/sinpro-al.com.br\/v2\/index.php?rest_route=\/wp\/v2\/posts\/5283\/revisions\/5289"}],"wp:featuredmedia":[{"embeddable":true,"href":"http:\/\/sinpro-al.com.br\/v2\/index.php?rest_route=\/wp\/v2\/media\/2139"}],"wp:attachment":[{"href":"http:\/\/sinpro-al.com.br\/v2\/index.php?rest_route=%2Fwp%2Fv2%2Fmedia&parent=5283"}],"wp:term":[{"taxonomy":"category","embeddable":true,"href":"http:\/\/sinpro-al.com.br\/v2\/index.php?rest_route=%2Fwp%2Fv2%2Fcategories&post=5283"},{"taxonomy":"post_tag","embeddable":true,"href":"http:\/\/sinpro-al.com.br\/v2\/index.php?rest_route=%2Fwp%2Fv2%2Ftags&post=5283"}],"curies":[{"name":"wp","href":"https:\/\/api.w.org\/{rel}","templated":true}]}}