{"id":5279,"date":"2018-04-09T18:12:26","date_gmt":"2018-04-09T21:12:26","guid":{"rendered":"http:\/\/sinpro-al.com.br\/v2\/?p=5279"},"modified":"2018-04-09T18:16:04","modified_gmt":"2018-04-09T21:16:04","slug":"sinproal-ira-realizar-assembleia-no-dia-28-de-abril","status":"publish","type":"post","link":"http:\/\/sinpro-al.com.br\/v2\/?p=5279","title":{"rendered":"Sinpro\/AL ir\u00e1 realizar assembleia no dia 28 de abril"},"content":{"rendered":"<p><a href=\"http:\/\/sinpro-al.com.br\/v2\/wp-content\/uploads\/2017\/03\/assembleia-nova-sinpro.jpg\"><img loading=\"lazy\" decoding=\"async\" class=\"alignleft size-medium wp-image-3779\" src=\"http:\/\/sinpro-al.com.br\/v2\/wp-content\/uploads\/2017\/03\/assembleia-nova-sinpro-262x300.jpg\" alt=\"\" width=\"262\" height=\"300\" srcset=\"http:\/\/sinpro-al.com.br\/v2\/wp-content\/uploads\/2017\/03\/assembleia-nova-sinpro-262x300.jpg 262w, http:\/\/sinpro-al.com.br\/v2\/wp-content\/uploads\/2017\/03\/assembleia-nova-sinpro.jpg 696w\" sizes=\"auto, (max-width: 262px) 100vw, 262px\" \/><\/a>O Sindicato dos Professores de Alagoas (Sinpro\/AL) ir\u00e1 realizar uma assembleia geral extraordin\u00e1ria no pr\u00f3ximo dia 28\/4 no audit\u00f3rio do Sindicato dos Trabalhadores em Estabelecimentos de Ensino Privado de Alagoas (Sintep), que fica localizado na Rua Lorival Vieira Costa, no bairro do Prado, em Macei\u00f3.<\/p>\n<p>Assembleia ser\u00e1 \u00e0s 12h, em primeira chamada. O encontro entre professores ir\u00e1 discutir a &#8220;concess\u00e3o ou n\u00e3o de autoriza\u00e7\u00e3o pr\u00e9via e expressa dos participantes da categoria profissional representada por este Sindicato para o desconto da contribui\u00e7\u00e3o sidical na forma do artigo 578 e seguintes da CLT, com a reda\u00e7\u00e3o da Lei 13.467\/2017 e face ao definitivo pelo enunciado 38 da Anamatra&#8221;.<\/p>\n<p>A diretoria do Sindicato dos Professores de Alagoas destaca a import\u00e2ncia da participa\u00e7\u00e3o dos docentes para discutir temas de interesse da categoria.<\/p>\n<p>Somos professores com orgulho e exigimos respeito.<\/p>\n<p>Confira o edital:<\/p>\n<p style=\"text-align: center;\"><strong>EDITAL DE CONVOCA\u00c7\u00c3O<\/strong><\/p>\n<p>Pelo presente edital de Convoca\u00e7\u00e3o, o Sindicato dos Professores do Estado de Alagoas, CNPJ 00.408.800\/0001-46, de acordo com o estatuto social da entidade, convoca todos os professores da rede privada de ensino, filiados ou n\u00e3o, para comparecerem \u00e0 Assembleia Geral Extraordin\u00e1ria a ser realizada dia 28 de abril 2018 \u00e0s 12h, em primeira convoca\u00e7\u00e3o, e \u00e0s 12h30, em segunda e \u00faltima convoca\u00e7\u00e3o, na sede no audit\u00f3rio do Sindicato dos Trabalhadores em Estabelecimentos de Ensino Privado de Alagoas, SINTEP, localizado na Rua Lourival Vieira Costa, 32, Prado \u2013 Macei\u00f3, Alagoas, para deliberarem sobre a seguinte ordem do dia: a) concess\u00e3o ou n\u00e3o de autoriza\u00e7\u00e3o previa e expressa dos participantes da categoria profissional representada por este Sindicato para o desconto da contribui\u00e7\u00e3o sindical na forma do artigo 578 e seguintes da CLT, com a reda\u00e7\u00e3o da Lei no. 13.467\/2017 e face ao definido pelo Enunciado no. 38 da Anamatra; b) caso aprovado o \u00edtem \u201ca\u201d, notifica\u00e7\u00e3o aos empregadores e aos respectivos sindicatos da categoria econ\u00f4mica, da autoriza\u00e7\u00e3o concedida.<\/p>\n<p style=\"text-align: center;\">Macei\u00f3, Alagoas, 06 de abril de 2018.<\/p>\n<p style=\"text-align: center;\"><em><strong>Eduardo Vasconcelos\u00a0<\/strong><\/em><\/p>\n<p style=\"text-align: center;\">Diretor-presidente<\/p>\n","protected":false},"excerpt":{"rendered":"<p>O Sindicato dos Professores de Alagoas (Sinpro\/AL) ir\u00e1 realizar uma assembleia geral extraordin\u00e1ria no pr\u00f3ximo dia 28\/4 no audit\u00f3rio do Sindicato dos Trabalhadores em Estabelecimentos de Ensino Privado de Alagoas (Sintep), que fica localizado na Rua Lorival Vieira Costa, no bairro do Prado, em Macei\u00f3. Assembleia ser\u00e1 \u00e0s 12h, em primeira chamada. O encontro entre [&hellip;]<\/p>\n","protected":false},"author":4,"featured_media":3361,"comment_status":"open","ping_status":"open","sticky":false,"template":"","format":"standard","meta":{"footnotes":""},"categories":[13],"tags":[],"class_list":["post-5279","post","type-post","status-publish","format-standard","has-post-thumbnail","hentry","category-educacao"],"_links":{"self":[{"href":"http:\/\/sinpro-al.com.br\/v2\/index.php?rest_route=\/wp\/v2\/posts\/5279","targetHints":{"allow":["GET"]}}],"collection":[{"href":"http:\/\/sinpro-al.com.br\/v2\/index.php?rest_route=\/wp\/v2\/posts"}],"about":[{"href":"http:\/\/sinpro-al.com.br\/v2\/index.php?rest_route=\/wp\/v2\/types\/post"}],"author":[{"embeddable":true,"href":"http:\/\/sinpro-al.com.br\/v2\/index.php?rest_route=\/wp\/v2\/users\/4"}],"replies":[{"embeddable":true,"href":"http:\/\/sinpro-al.com.br\/v2\/index.php?rest_route=%2Fwp%2Fv2%2Fcomments&post=5279"}],"version-history":[{"count":3,"href":"http:\/\/sinpro-al.com.br\/v2\/index.php?rest_route=\/wp\/v2\/posts\/5279\/revisions"}],"predecessor-version":[{"id":5282,"href":"http:\/\/sinpro-al.com.br\/v2\/index.php?rest_route=\/wp\/v2\/posts\/5279\/revisions\/5282"}],"wp:featuredmedia":[{"embeddable":true,"href":"http:\/\/sinpro-al.com.br\/v2\/index.php?rest_route=\/wp\/v2\/media\/3361"}],"wp:attachment":[{"href":"http:\/\/sinpro-al.com.br\/v2\/index.php?rest_route=%2Fwp%2Fv2%2Fmedia&parent=5279"}],"wp:term":[{"taxonomy":"category","embeddable":true,"href":"http:\/\/sinpro-al.com.br\/v2\/index.php?rest_route=%2Fwp%2Fv2%2Fcategories&post=5279"},{"taxonomy":"post_tag","embeddable":true,"href":"http:\/\/sinpro-al.com.br\/v2\/index.php?rest_route=%2Fwp%2Fv2%2Ftags&post=5279"}],"curies":[{"name":"wp","href":"https:\/\/api.w.org\/{rel}","templated":true}]}}