{"id":5273,"date":"2018-04-05T19:36:25","date_gmt":"2018-04-05T22:36:25","guid":{"rendered":"http:\/\/sinpro-al.com.br\/v2\/?p=5273"},"modified":"2018-04-05T19:42:59","modified_gmt":"2018-04-05T22:42:59","slug":"sinproal-ira-participar-da-conferencia-livre-da-educacao-superior","status":"publish","type":"post","link":"http:\/\/sinpro-al.com.br\/v2\/?p=5273","title":{"rendered":"Sinpro\/AL ir\u00e1 participar da Confer\u00eancia Livre da Educa\u00e7\u00e3o Superior"},"content":{"rendered":"<div id=\"attachment_5274\" style=\"width: 310px\" class=\"wp-caption alignleft\"><a href=\"http:\/\/sinpro-al.com.br\/v2\/wp-content\/uploads\/2018\/04\/conape.jpg\"><img loading=\"lazy\" decoding=\"async\" aria-describedby=\"caption-attachment-5274\" class=\"wp-image-5274 size-medium\" src=\"http:\/\/sinpro-al.com.br\/v2\/wp-content\/uploads\/2018\/04\/conape-300x300.jpg\" alt=\"\" width=\"300\" height=\"300\" srcset=\"http:\/\/sinpro-al.com.br\/v2\/wp-content\/uploads\/2018\/04\/conape-300x300.jpg 300w, http:\/\/sinpro-al.com.br\/v2\/wp-content\/uploads\/2018\/04\/conape-150x150.jpg 150w, http:\/\/sinpro-al.com.br\/v2\/wp-content\/uploads\/2018\/04\/conape-768x768.jpg 768w, http:\/\/sinpro-al.com.br\/v2\/wp-content\/uploads\/2018\/04\/conape-45x45.jpg 45w, http:\/\/sinpro-al.com.br\/v2\/wp-content\/uploads\/2018\/04\/conape.jpg 1000w\" sizes=\"auto, (max-width: 300px) 100vw, 300px\" \/><\/a><p id=\"caption-attachment-5274\" class=\"wp-caption-text\">Clique para ampliar a imagem<\/p><\/div>\n<p>Acontece amanh\u00e3, 6\/4, \u00e0s 9h, a Confer\u00eancia Livre da Educa\u00e7\u00e3o Superior prop\u00f5e formular pol\u00edticas para o segmento, em Alagoas. O evento ser\u00e1\u00a0 no Centro de Educa\u00e7\u00e3o da Ufal. O Sindicato dos Professores de Alagoas (Sinpro\/AL) ser\u00e1 representado na Confer\u00eancia pelo vice-presidente da entidade classita, Jos\u00e9 Nivaldo Mota.<\/p>\n<p>O Sindicato dos Professores faz um chamamento para os docentes participarem da Confer\u00eancia Livre da Educa\u00e7\u00e3o Superior para um amplo debate sobre as pol\u00edticas educacionais, onde o tema central ser\u00e1: \u201cEm defesa da universidade p\u00fablica \u00a0e da democracia\u201d.<\/p>\n<p>Somos professores com orgulho e exigimos respeito!<\/p>\n<p>&nbsp;<\/p>\n<p>&nbsp;<\/p>\n<p>&nbsp;<\/p>\n","protected":false},"excerpt":{"rendered":"<p>Acontece amanh\u00e3, 6\/4, \u00e0s 9h, a Confer\u00eancia Livre da Educa\u00e7\u00e3o Superior prop\u00f5e formular pol\u00edticas para o segmento, em Alagoas. O evento ser\u00e1\u00a0 no Centro de Educa\u00e7\u00e3o da Ufal. O Sindicato dos Professores de Alagoas (Sinpro\/AL) ser\u00e1 representado na Confer\u00eancia pelo vice-presidente da entidade classita, Jos\u00e9 Nivaldo Mota. O Sindicato dos Professores faz um chamamento para [&hellip;]<\/p>\n","protected":false},"author":4,"featured_media":5274,"comment_status":"open","ping_status":"open","sticky":false,"template":"","format":"standard","meta":{"footnotes":""},"categories":[4],"tags":[],"class_list":["post-5273","post","type-post","status-publish","format-standard","has-post-thumbnail","hentry","category-noticias-sinpro-al"],"_links":{"self":[{"href":"http:\/\/sinpro-al.com.br\/v2\/index.php?rest_route=\/wp\/v2\/posts\/5273","targetHints":{"allow":["GET"]}}],"collection":[{"href":"http:\/\/sinpro-al.com.br\/v2\/index.php?rest_route=\/wp\/v2\/posts"}],"about":[{"href":"http:\/\/sinpro-al.com.br\/v2\/index.php?rest_route=\/wp\/v2\/types\/post"}],"author":[{"embeddable":true,"href":"http:\/\/sinpro-al.com.br\/v2\/index.php?rest_route=\/wp\/v2\/users\/4"}],"replies":[{"embeddable":true,"href":"http:\/\/sinpro-al.com.br\/v2\/index.php?rest_route=%2Fwp%2Fv2%2Fcomments&post=5273"}],"version-history":[{"count":3,"href":"http:\/\/sinpro-al.com.br\/v2\/index.php?rest_route=\/wp\/v2\/posts\/5273\/revisions"}],"predecessor-version":[{"id":5277,"href":"http:\/\/sinpro-al.com.br\/v2\/index.php?rest_route=\/wp\/v2\/posts\/5273\/revisions\/5277"}],"wp:featuredmedia":[{"embeddable":true,"href":"http:\/\/sinpro-al.com.br\/v2\/index.php?rest_route=\/wp\/v2\/media\/5274"}],"wp:attachment":[{"href":"http:\/\/sinpro-al.com.br\/v2\/index.php?rest_route=%2Fwp%2Fv2%2Fmedia&parent=5273"}],"wp:term":[{"taxonomy":"category","embeddable":true,"href":"http:\/\/sinpro-al.com.br\/v2\/index.php?rest_route=%2Fwp%2Fv2%2Fcategories&post=5273"},{"taxonomy":"post_tag","embeddable":true,"href":"http:\/\/sinpro-al.com.br\/v2\/index.php?rest_route=%2Fwp%2Fv2%2Ftags&post=5273"}],"curies":[{"name":"wp","href":"https:\/\/api.w.org\/{rel}","templated":true}]}}