{"id":5268,"date":"2018-04-03T17:54:17","date_gmt":"2018-04-03T20:54:17","guid":{"rendered":"http:\/\/sinpro-al.com.br\/v2\/?p=5268"},"modified":"2018-04-03T17:55:34","modified_gmt":"2018-04-03T20:55:34","slug":"presidente-do-sinproal-discute-saude-e-seguranca-dos-trabalhadores-na-camara-de-maceio","status":"publish","type":"post","link":"http:\/\/sinpro-al.com.br\/v2\/?p=5268","title":{"rendered":"Presidente do Sinpro\/AL discute sa\u00fade e seguran\u00e7a dos trabalhadores na C\u00e2mara de Macei\u00f3"},"content":{"rendered":"<p><a href=\"http:\/\/sinpro-al.com.br\/v2\/wp-content\/uploads\/2018\/04\/IMG-20180403-WA0259.jpg\"><img loading=\"lazy\" decoding=\"async\" class=\"alignleft size-medium wp-image-5269\" src=\"http:\/\/sinpro-al.com.br\/v2\/wp-content\/uploads\/2018\/04\/IMG-20180403-WA0259-300x225.jpg\" alt=\"\" width=\"300\" height=\"225\" srcset=\"http:\/\/sinpro-al.com.br\/v2\/wp-content\/uploads\/2018\/04\/IMG-20180403-WA0259-300x225.jpg 300w, http:\/\/sinpro-al.com.br\/v2\/wp-content\/uploads\/2018\/04\/IMG-20180403-WA0259-768x576.jpg 768w, http:\/\/sinpro-al.com.br\/v2\/wp-content\/uploads\/2018\/04\/IMG-20180403-WA0259-1024x768.jpg 1024w, http:\/\/sinpro-al.com.br\/v2\/wp-content\/uploads\/2018\/04\/IMG-20180403-WA0259.jpg 1280w\" sizes=\"auto, (max-width: 300px) 100vw, 300px\" \/><\/a>Audi\u00eancia p\u00fablica em aten\u00e7\u00e3o ao Abril Verde reuniu na manh\u00e3 desta ter\u00e7a-feira (3), no Plen\u00e1rio da C\u00e2mara Municipal de Macei\u00f3, representantes de diversas entidades que discutiram a sa\u00fade e seguran\u00e7a do trabalhador. Quem marcou presen\u00e7a foi o presidente do Sindicato dos Professores de Alagoas (Sinpro\/AL), Eduardo Vasconcelos. Na oportunidade Vasconcelos fez um desabafo sobre a tentativa de desmonte dos sindicatos e da fraca representa\u00e7\u00e3o pol\u00edtica.<\/p>\n<p>A campanha Abril Verde faz parte do calend\u00e1rio anual e visa p\u00f4r em pr\u00e1tica a\u00e7\u00f5es que possibilitem a redu\u00e7\u00e3o de acidentes de trabalho, cujo n\u00famero ainda \u00e9 considerado elevado.<\/p>\n<p>O debate foi proposto pelo vereador Chico Filho (PP) e aprovado pelos demais parlamentares. Participou tamb\u00e9m o vereador Francisco Sales (PPL).<\/p>\n<p>O procurador-chefe do Minist\u00e9rio P\u00fablico do Trabalho em Alagoas, Rafael Gazzaneo chamou a aten\u00e7\u00e3o para a iniciativa da C\u00e2mara ao promover o debate. &#8220;\u00c9 indiscut\u00edvel que com esse tema estamos falando do bem maior que \u00e9 a vida&#8221;, afirmou ao destacar para o n\u00famero expressivo de acidentes de trabalho e as subnotifica\u00e7\u00f5es.<\/p>\n<p>&#8220;Por isso \u00e9 importante estarmos aqui reunidos, convocando a sociedade para que se envolva nessa discuss\u00e3o, para que possamos fazer com que as empresas cumpram as normas de seguran\u00e7a e de sa\u00fade no trabalho&#8221;, afirmou Gazzaneo.<\/p>\n<p><strong>REFORMA TRABALHISTA<\/strong><\/p>\n<p>Ele lembrou ainda do agravamento da situa\u00e7\u00e3o desde que a reforma trabalhista foi aprovada e entrou em vigor no Pa\u00eds. &#8220;Todos n\u00f3s acompanhamos os ataques que o direito do trabalho sofreu. Com a lei da terceiriza\u00e7\u00e3o irrestrita e a reforma trabalhista, algumas consequ\u00eancias n\u00f3s j\u00e1 estamos experimentando, como a precariza\u00e7\u00e3o do trabalho trazida com a informalidade, que aumenta a possibilidade de acidentes&#8221;, declarou o procurador-chefe do MPT.<\/p>\n<p><b>Confira alguns trechos da fala do professor Eduardo Vasconcelos:<\/b><\/p>\n<div style=\"width: 640px;\" class=\"wp-video\"><!--[if lt IE 9]><script>document.createElement('video');<\/script><![endif]-->\n<video class=\"wp-video-shortcode\" id=\"video-5268-1\" width=\"640\" height=\"480\" preload=\"metadata\" controls=\"controls\"><source type=\"video\/mp4\" src=\"http:\/\/sinpro-al.com.br\/v2\/wp-content\/uploads\/2018\/04\/VID-20180403-WA0342.mp4?_=1\" \/><a href=\"http:\/\/sinpro-al.com.br\/v2\/wp-content\/uploads\/2018\/04\/VID-20180403-WA0342.mp4\">http:\/\/sinpro-al.com.br\/v2\/wp-content\/uploads\/2018\/04\/VID-20180403-WA0342.mp4<\/a><\/video><\/div>\n<p>&nbsp;<\/p>\n","protected":false},"excerpt":{"rendered":"<p>Audi\u00eancia p\u00fablica em aten\u00e7\u00e3o ao Abril Verde reuniu na manh\u00e3 desta ter\u00e7a-feira (3), no Plen\u00e1rio da C\u00e2mara Municipal de Macei\u00f3, representantes de diversas entidades que discutiram a sa\u00fade e seguran\u00e7a do trabalhador. Quem marcou presen\u00e7a foi o presidente do Sindicato dos Professores de Alagoas (Sinpro\/AL), Eduardo Vasconcelos. Na oportunidade Vasconcelos fez um desabafo sobre a [&hellip;]<\/p>\n","protected":false},"author":4,"featured_media":5269,"comment_status":"open","ping_status":"open","sticky":false,"template":"","format":"standard","meta":{"footnotes":""},"categories":[4],"tags":[],"class_list":["post-5268","post","type-post","status-publish","format-standard","has-post-thumbnail","hentry","category-noticias-sinpro-al"],"_links":{"self":[{"href":"http:\/\/sinpro-al.com.br\/v2\/index.php?rest_route=\/wp\/v2\/posts\/5268","targetHints":{"allow":["GET"]}}],"collection":[{"href":"http:\/\/sinpro-al.com.br\/v2\/index.php?rest_route=\/wp\/v2\/posts"}],"about":[{"href":"http:\/\/sinpro-al.com.br\/v2\/index.php?rest_route=\/wp\/v2\/types\/post"}],"author":[{"embeddable":true,"href":"http:\/\/sinpro-al.com.br\/v2\/index.php?rest_route=\/wp\/v2\/users\/4"}],"replies":[{"embeddable":true,"href":"http:\/\/sinpro-al.com.br\/v2\/index.php?rest_route=%2Fwp%2Fv2%2Fcomments&post=5268"}],"version-history":[{"count":2,"href":"http:\/\/sinpro-al.com.br\/v2\/index.php?rest_route=\/wp\/v2\/posts\/5268\/revisions"}],"predecessor-version":[{"id":5272,"href":"http:\/\/sinpro-al.com.br\/v2\/index.php?rest_route=\/wp\/v2\/posts\/5268\/revisions\/5272"}],"wp:featuredmedia":[{"embeddable":true,"href":"http:\/\/sinpro-al.com.br\/v2\/index.php?rest_route=\/wp\/v2\/media\/5269"}],"wp:attachment":[{"href":"http:\/\/sinpro-al.com.br\/v2\/index.php?rest_route=%2Fwp%2Fv2%2Fmedia&parent=5268"}],"wp:term":[{"taxonomy":"category","embeddable":true,"href":"http:\/\/sinpro-al.com.br\/v2\/index.php?rest_route=%2Fwp%2Fv2%2Fcategories&post=5268"},{"taxonomy":"post_tag","embeddable":true,"href":"http:\/\/sinpro-al.com.br\/v2\/index.php?rest_route=%2Fwp%2Fv2%2Ftags&post=5268"}],"curies":[{"name":"wp","href":"https:\/\/api.w.org\/{rel}","templated":true}]}}