{"id":5265,"date":"2018-04-03T17:30:17","date_gmt":"2018-04-03T20:30:17","guid":{"rendered":"http:\/\/sinpro-al.com.br\/v2\/?p=5265"},"modified":"2018-04-03T17:30:44","modified_gmt":"2018-04-03T20:30:44","slug":"sinproal-ira-participar-de-ato-em-favor-da-democracia","status":"publish","type":"post","link":"http:\/\/sinpro-al.com.br\/v2\/?p=5265","title":{"rendered":"Sinpro\/AL ir\u00e1 participar de ato em favor da democracia"},"content":{"rendered":"<p><a href=\"http:\/\/sinpro-al.com.br\/v2\/wp-content\/uploads\/2018\/04\/20180403_173031.png\"><img loading=\"lazy\" decoding=\"async\" class=\"alignleft size-medium wp-image-5266\" src=\"http:\/\/sinpro-al.com.br\/v2\/wp-content\/uploads\/2018\/04\/20180403_173031-300x167.png\" alt=\"\" width=\"300\" height=\"167\" srcset=\"http:\/\/sinpro-al.com.br\/v2\/wp-content\/uploads\/2018\/04\/20180403_173031-300x167.png 300w, http:\/\/sinpro-al.com.br\/v2\/wp-content\/uploads\/2018\/04\/20180403_173031-768x427.png 768w, http:\/\/sinpro-al.com.br\/v2\/wp-content\/uploads\/2018\/04\/20180403_173031-1024x570.png 1024w, http:\/\/sinpro-al.com.br\/v2\/wp-content\/uploads\/2018\/04\/20180403_173031.png 1080w\" sizes=\"auto, (max-width: 300px) 100vw, 300px\" \/><\/a>Grupos a favor da democracia v\u00e3o realizar uma s\u00e9rie de manifesta\u00e7\u00f5es amanh\u00e3, 3\/4, em todo Brasil.<\/p>\n<p>Em Alagoas, centrais sindicais, sindicatos, movimentos sociais e a sociedade civil organizada ir\u00e1 se organizar em frente ao Tribunal de Justi\u00e7a de Alagoas (TJ\/AL).<\/p>\n<p>Os atos ir\u00e3o come\u00e7ar \u00e0s 10h e a vig\u00edlia permanecer\u00e1 por todo o dia. O vice-presidente do Sindicato dos Professores de Alagoas (Sinpro\/AL), Jos\u00e9 Nivaldo Mota, disse que o Pa\u00eds vive um momento onde os trabalhadores devem se unir para garantir seus direitos e lutar pela manuten\u00e7\u00e3o do estado democr\u00e1tico de direito.<\/p>\n<p>Somos professores com orgulho e exigimos respeito!<\/p>\n","protected":false},"excerpt":{"rendered":"<p>Grupos a favor da democracia v\u00e3o realizar uma s\u00e9rie de manifesta\u00e7\u00f5es amanh\u00e3, 3\/4, em todo Brasil. Em Alagoas, centrais sindicais, sindicatos, movimentos sociais e a sociedade civil organizada ir\u00e1 se organizar em frente ao Tribunal de Justi\u00e7a de Alagoas (TJ\/AL). Os atos ir\u00e3o come\u00e7ar \u00e0s 10h e a vig\u00edlia permanecer\u00e1 por todo o dia. O [&hellip;]<\/p>\n","protected":false},"author":4,"featured_media":5266,"comment_status":"open","ping_status":"open","sticky":false,"template":"","format":"standard","meta":{"footnotes":""},"categories":[4],"tags":[],"class_list":["post-5265","post","type-post","status-publish","format-standard","has-post-thumbnail","hentry","category-noticias-sinpro-al"],"_links":{"self":[{"href":"http:\/\/sinpro-al.com.br\/v2\/index.php?rest_route=\/wp\/v2\/posts\/5265","targetHints":{"allow":["GET"]}}],"collection":[{"href":"http:\/\/sinpro-al.com.br\/v2\/index.php?rest_route=\/wp\/v2\/posts"}],"about":[{"href":"http:\/\/sinpro-al.com.br\/v2\/index.php?rest_route=\/wp\/v2\/types\/post"}],"author":[{"embeddable":true,"href":"http:\/\/sinpro-al.com.br\/v2\/index.php?rest_route=\/wp\/v2\/users\/4"}],"replies":[{"embeddable":true,"href":"http:\/\/sinpro-al.com.br\/v2\/index.php?rest_route=%2Fwp%2Fv2%2Fcomments&post=5265"}],"version-history":[{"count":1,"href":"http:\/\/sinpro-al.com.br\/v2\/index.php?rest_route=\/wp\/v2\/posts\/5265\/revisions"}],"predecessor-version":[{"id":5267,"href":"http:\/\/sinpro-al.com.br\/v2\/index.php?rest_route=\/wp\/v2\/posts\/5265\/revisions\/5267"}],"wp:featuredmedia":[{"embeddable":true,"href":"http:\/\/sinpro-al.com.br\/v2\/index.php?rest_route=\/wp\/v2\/media\/5266"}],"wp:attachment":[{"href":"http:\/\/sinpro-al.com.br\/v2\/index.php?rest_route=%2Fwp%2Fv2%2Fmedia&parent=5265"}],"wp:term":[{"taxonomy":"category","embeddable":true,"href":"http:\/\/sinpro-al.com.br\/v2\/index.php?rest_route=%2Fwp%2Fv2%2Fcategories&post=5265"},{"taxonomy":"post_tag","embeddable":true,"href":"http:\/\/sinpro-al.com.br\/v2\/index.php?rest_route=%2Fwp%2Fv2%2Ftags&post=5265"}],"curies":[{"name":"wp","href":"https:\/\/api.w.org\/{rel}","templated":true}]}}