{"id":5253,"date":"2018-03-30T17:54:39","date_gmt":"2018-03-30T20:54:39","guid":{"rendered":"http:\/\/sinpro-al.com.br\/v2\/?p=5253"},"modified":"2018-03-30T18:00:04","modified_gmt":"2018-03-30T21:00:04","slug":"reajuste-salarial-dos-professores-comeca-a-ser-negociado","status":"publish","type":"post","link":"http:\/\/sinpro-al.com.br\/v2\/?p=5253","title":{"rendered":"Reajuste salarial dos professores come\u00e7a a ser negociado"},"content":{"rendered":"<div id=\"attachment_5254\" style=\"width: 229px\" class=\"wp-caption aligncenter\"><a href=\"http:\/\/sinpro-al.com.br\/v2\/wp-content\/uploads\/2018\/03\/20180330_175049.png\"><img loading=\"lazy\" decoding=\"async\" aria-describedby=\"caption-attachment-5254\" class=\"wp-image-5254 size-medium\" src=\"http:\/\/sinpro-al.com.br\/v2\/wp-content\/uploads\/2018\/03\/20180330_175049-219x300.png\" alt=\"\" width=\"219\" height=\"300\" srcset=\"http:\/\/sinpro-al.com.br\/v2\/wp-content\/uploads\/2018\/03\/20180330_175049-219x300.png 219w, http:\/\/sinpro-al.com.br\/v2\/wp-content\/uploads\/2018\/03\/20180330_175049-768x1054.png 768w, http:\/\/sinpro-al.com.br\/v2\/wp-content\/uploads\/2018\/03\/20180330_175049-746x1024.png 746w, http:\/\/sinpro-al.com.br\/v2\/wp-content\/uploads\/2018\/03\/20180330_175049.png 1050w\" sizes=\"auto, (max-width: 219px) 100vw, 219px\" \/><\/a><p id=\"caption-attachment-5254\" class=\"wp-caption-text\">Clique para ampliar a imagem<\/p><\/div>\n<p>&nbsp;<\/p>\n<p>O Sindicato dos Professores de Alagoas iniciou as negocia\u00e7\u00f5es do reajuste salarial de 2018 do ensino b\u00e1sico.<br \/>\nO \u00edndice que baliza o reajuste \u00e9 medido pelo \u00cdndice Nacional de Pre\u00e7os ao Consumidor (INPC) e Instituto Brasileiro de Geografia e Estat\u00edstica (IBGE), onde o acumulado do ano foi de 1,81%.<\/p>\n<p>Ciente desses dados, a diretoria da entidade classista pediu como proposta inicial um reajuste salarial para os docentes de 7,81%. Para dar mais seguran\u00e7a jur\u00eddica as tratativas de negocia\u00e7\u00f5es, uma audi\u00eancia de medica\u00e7\u00e3o no Minist\u00e9rio P\u00fablico do Trabalho (MPT), solicitada pelo Sinpro\/AL, acontecer\u00e1 no dia 10 de abril com os representantes legais do setor patronal para debater os n\u00fameros do reajuste.<\/p>\n<p>O Sinpro\/AL j\u00e1 solicitou, tamb\u00e9m ao MPT, uma audi\u00eancia de medi\u00e7\u00e3o para discutir o reajuste dos professores da rede superior de ensino. Assim que a data for marcada as informa\u00e7\u00f5es ser\u00e3o repassadas neste mesmo canal de comunica\u00e7\u00e3o.<\/p>\n<p>A diretoria do Sinpro\/AL segue em busca da valoriza\u00e7\u00e3o e do reconhecimento financeiro da atividade dos docentes.<\/p>\n<p>Somos professores com orgulho e exigimos respeito!<\/p>\n<p><a href=\"http:\/\/sinpro-al.com.br\/v2\/wp-content\/uploads\/2016\/08\/1sinpro.jpg\"><img loading=\"lazy\" decoding=\"async\" class=\"size-medium wp-image-3046\" src=\"http:\/\/sinpro-al.com.br\/v2\/wp-content\/uploads\/2016\/08\/1sinpro-300x193.jpg\" alt=\"\" width=\"300\" height=\"193\" srcset=\"http:\/\/sinpro-al.com.br\/v2\/wp-content\/uploads\/2016\/08\/1sinpro-300x193.jpg 300w, http:\/\/sinpro-al.com.br\/v2\/wp-content\/uploads\/2016\/08\/1sinpro.jpg 668w\" sizes=\"auto, (max-width: 300px) 100vw, 300px\" \/><\/a><\/p>\n","protected":false},"excerpt":{"rendered":"<p>&nbsp; O Sindicato dos Professores de Alagoas iniciou as negocia\u00e7\u00f5es do reajuste salarial de 2018 do ensino b\u00e1sico. O \u00edndice que baliza o reajuste \u00e9 medido pelo \u00cdndice Nacional de Pre\u00e7os ao Consumidor (INPC) e Instituto Brasileiro de Geografia e Estat\u00edstica (IBGE), onde o acumulado do ano foi de 1,81%. Ciente desses dados, a diretoria [&hellip;]<\/p>\n","protected":false},"author":4,"featured_media":5254,"comment_status":"open","ping_status":"open","sticky":false,"template":"","format":"standard","meta":{"footnotes":""},"categories":[4],"tags":[],"class_list":["post-5253","post","type-post","status-publish","format-standard","has-post-thumbnail","hentry","category-noticias-sinpro-al"],"_links":{"self":[{"href":"http:\/\/sinpro-al.com.br\/v2\/index.php?rest_route=\/wp\/v2\/posts\/5253","targetHints":{"allow":["GET"]}}],"collection":[{"href":"http:\/\/sinpro-al.com.br\/v2\/index.php?rest_route=\/wp\/v2\/posts"}],"about":[{"href":"http:\/\/sinpro-al.com.br\/v2\/index.php?rest_route=\/wp\/v2\/types\/post"}],"author":[{"embeddable":true,"href":"http:\/\/sinpro-al.com.br\/v2\/index.php?rest_route=\/wp\/v2\/users\/4"}],"replies":[{"embeddable":true,"href":"http:\/\/sinpro-al.com.br\/v2\/index.php?rest_route=%2Fwp%2Fv2%2Fcomments&post=5253"}],"version-history":[{"count":5,"href":"http:\/\/sinpro-al.com.br\/v2\/index.php?rest_route=\/wp\/v2\/posts\/5253\/revisions"}],"predecessor-version":[{"id":5259,"href":"http:\/\/sinpro-al.com.br\/v2\/index.php?rest_route=\/wp\/v2\/posts\/5253\/revisions\/5259"}],"wp:featuredmedia":[{"embeddable":true,"href":"http:\/\/sinpro-al.com.br\/v2\/index.php?rest_route=\/wp\/v2\/media\/5254"}],"wp:attachment":[{"href":"http:\/\/sinpro-al.com.br\/v2\/index.php?rest_route=%2Fwp%2Fv2%2Fmedia&parent=5253"}],"wp:term":[{"taxonomy":"category","embeddable":true,"href":"http:\/\/sinpro-al.com.br\/v2\/index.php?rest_route=%2Fwp%2Fv2%2Fcategories&post=5253"},{"taxonomy":"post_tag","embeddable":true,"href":"http:\/\/sinpro-al.com.br\/v2\/index.php?rest_route=%2Fwp%2Fv2%2Ftags&post=5253"}],"curies":[{"name":"wp","href":"https:\/\/api.w.org\/{rel}","templated":true}]}}