{"id":5250,"date":"2018-03-28T17:09:07","date_gmt":"2018-03-28T20:09:07","guid":{"rendered":"http:\/\/sinpro-al.com.br\/v2\/?p=5250"},"modified":"2018-03-28T17:09:07","modified_gmt":"2018-03-28T20:09:07","slug":"atencao-confira-os-dias-de-feriado-da-semana-santa-para-os-professores","status":"publish","type":"post","link":"http:\/\/sinpro-al.com.br\/v2\/?p=5250","title":{"rendered":"Aten\u00e7\u00e3o: confira os dias de feriado da Semana Santa para os professores"},"content":{"rendered":"<p><a href=\"http:\/\/sinpro-al.com.br\/v2\/wp-content\/uploads\/2017\/10\/feriado.jpg\"><img loading=\"lazy\" decoding=\"async\" class=\"alignleft size-medium wp-image-4675\" src=\"http:\/\/sinpro-al.com.br\/v2\/wp-content\/uploads\/2017\/10\/feriado-300x295.jpg\" alt=\"\" width=\"300\" height=\"295\" srcset=\"http:\/\/sinpro-al.com.br\/v2\/wp-content\/uploads\/2017\/10\/feriado-300x295.jpg 300w, http:\/\/sinpro-al.com.br\/v2\/wp-content\/uploads\/2017\/10\/feriado-45x45.jpg 45w, http:\/\/sinpro-al.com.br\/v2\/wp-content\/uploads\/2017\/10\/feriado.jpg 588w\" sizes=\"auto, (max-width: 300px) 100vw, 300px\" \/><\/a>A conven\u00e7\u00e3o coletiva do Sindicato dos Professores de Alagoas (Sinpro\/AL) destaca sobre as f\u00e9rias e feriados em seu\u00a0item \u201cD\u201d: quinta-feira e s\u00e1bado da Semana Santa\u201d \u00e9 feriado para os professores.<\/p>\n<p><strong>Voc\u00ea sabia?<\/strong><\/p>\n<p>No Brasil, o trabalho em dias de feriados civis e religiosos \u00e9 vedado pela Legisla\u00e7\u00e3o. Os feriados civis e religiosos s\u00e3o determinados por leis. Os nacionais, estaduais e municipais s\u00e3o regulados pela\u00a0Lei n. 9.093\/95.<\/p>\n<p>A diretoria do Sindicato dos Professores de Alagoas (Sinpro\/AL) alerta que os estabelecimentos de ensino que insistirem em descumprir a conven\u00e7\u00e3o coletiva ser\u00e3o acionados\u00a0 na Justi\u00e7a do Trabalho<\/p>\n","protected":false},"excerpt":{"rendered":"<p>A conven\u00e7\u00e3o coletiva do Sindicato dos Professores de Alagoas (Sinpro\/AL) destaca sobre as f\u00e9rias e feriados em seu\u00a0item \u201cD\u201d: quinta-feira e s\u00e1bado da Semana Santa\u201d \u00e9 feriado para os professores. Voc\u00ea sabia? No Brasil, o trabalho em dias de feriados civis e religiosos \u00e9 vedado pela Legisla\u00e7\u00e3o. Os feriados civis e religiosos s\u00e3o determinados por [&hellip;]<\/p>\n","protected":false},"author":4,"featured_media":4675,"comment_status":"open","ping_status":"open","sticky":false,"template":"","format":"standard","meta":{"footnotes":""},"categories":[4],"tags":[],"class_list":["post-5250","post","type-post","status-publish","format-standard","has-post-thumbnail","hentry","category-noticias-sinpro-al"],"_links":{"self":[{"href":"http:\/\/sinpro-al.com.br\/v2\/index.php?rest_route=\/wp\/v2\/posts\/5250","targetHints":{"allow":["GET"]}}],"collection":[{"href":"http:\/\/sinpro-al.com.br\/v2\/index.php?rest_route=\/wp\/v2\/posts"}],"about":[{"href":"http:\/\/sinpro-al.com.br\/v2\/index.php?rest_route=\/wp\/v2\/types\/post"}],"author":[{"embeddable":true,"href":"http:\/\/sinpro-al.com.br\/v2\/index.php?rest_route=\/wp\/v2\/users\/4"}],"replies":[{"embeddable":true,"href":"http:\/\/sinpro-al.com.br\/v2\/index.php?rest_route=%2Fwp%2Fv2%2Fcomments&post=5250"}],"version-history":[{"count":1,"href":"http:\/\/sinpro-al.com.br\/v2\/index.php?rest_route=\/wp\/v2\/posts\/5250\/revisions"}],"predecessor-version":[{"id":5251,"href":"http:\/\/sinpro-al.com.br\/v2\/index.php?rest_route=\/wp\/v2\/posts\/5250\/revisions\/5251"}],"wp:featuredmedia":[{"embeddable":true,"href":"http:\/\/sinpro-al.com.br\/v2\/index.php?rest_route=\/wp\/v2\/media\/4675"}],"wp:attachment":[{"href":"http:\/\/sinpro-al.com.br\/v2\/index.php?rest_route=%2Fwp%2Fv2%2Fmedia&parent=5250"}],"wp:term":[{"taxonomy":"category","embeddable":true,"href":"http:\/\/sinpro-al.com.br\/v2\/index.php?rest_route=%2Fwp%2Fv2%2Fcategories&post=5250"},{"taxonomy":"post_tag","embeddable":true,"href":"http:\/\/sinpro-al.com.br\/v2\/index.php?rest_route=%2Fwp%2Fv2%2Ftags&post=5250"}],"curies":[{"name":"wp","href":"https:\/\/api.w.org\/{rel}","templated":true}]}}