{"id":5242,"date":"2018-03-26T15:16:56","date_gmt":"2018-03-26T18:16:56","guid":{"rendered":"http:\/\/sinpro-al.com.br\/v2\/?p=5242"},"modified":"2018-03-26T15:18:26","modified_gmt":"2018-03-26T18:18:26","slug":"instituicao-de-ensino-que-nao-colaborar-com-informacoes-com-ministerio-do-trabalho-pode-responder-criminalmente","status":"publish","type":"post","link":"http:\/\/sinpro-al.com.br\/v2\/?p=5242","title":{"rendered":"Institui\u00e7\u00e3o de ensino que n\u00e3o colaborar com Minist\u00e9rio do Trabalho pode responder criminalmente"},"content":{"rendered":"<p><a href=\"http:\/\/sinpro-al.com.br\/v2\/wp-content\/uploads\/2016\/03\/respeito.jpg\"><img loading=\"lazy\" decoding=\"async\" class=\"alignleft size-medium wp-image-2285\" src=\"http:\/\/sinpro-al.com.br\/v2\/wp-content\/uploads\/2016\/03\/respeito-232x300.jpg\" alt=\"\" width=\"232\" height=\"300\" srcset=\"http:\/\/sinpro-al.com.br\/v2\/wp-content\/uploads\/2016\/03\/respeito-232x300.jpg 232w, http:\/\/sinpro-al.com.br\/v2\/wp-content\/uploads\/2016\/03\/respeito.jpg 586w\" sizes=\"auto, (max-width: 232px) 100vw, 232px\" \/><\/a>Minist\u00e9rio P\u00fablico do Trabalho \u00a0solicitou atrav\u00e9s de notifica\u00e7\u00e3o requisit\u00f3ria uma s\u00e9rie de documentos na creche Espa\u00e7o do Saber, como: Programa de Preven\u00e7\u00e3o de Riscos Ambientais (PPRA) e Programa de Controle M\u00e9dico de Sa\u00fade Ocupacional (PCMSO).<\/p>\n<p>O \u00f3rg\u00e3o ministerial ainda exigiu apresenta\u00e7\u00e3o de contracheques do m\u00eas de janeiro, controle de jornada dos educadores, os recibos de pagamento de janeiro e as c\u00f3pias do registro de contrato de trabalho em livros ou fichas.<\/p>\n<p>Vale ressaltar que a falta injustificada e o retardamento indevido do cumprimento das requisi\u00e7\u00f5es do Minist\u00e9rio do Trabalho e Emprego implicar\u00e3o a responsabilidade civil e criminal.<\/p>\n<p>O Sindicato dos Professores segue colaborando com o Minist\u00e9rio P\u00fablico do Trabalho com informa\u00e7\u00f5es de uma s\u00e9rie de institui\u00e7\u00f5es de ensino no Estado que insistem em desrespeitar a Legisla\u00e7\u00e3o Trabalhista.<\/p>\n<p>A diretoria do Sindicato dos Professores de Alagoas acompanha de perto os casos de desrespeito aos trabalhadores e se coloca \u00e0 disposi\u00e7\u00e3o, em conjunto com sua assessoria jur\u00eddica, para sanar as problem\u00e1ticas.<\/p>\n<p>Somos professores com orgulho e\u00a0 exigimos respeito!<\/p>\n<p>&nbsp;<\/p>\n<p>&nbsp;<\/p>\n","protected":false},"excerpt":{"rendered":"<p>Minist\u00e9rio P\u00fablico do Trabalho \u00a0solicitou atrav\u00e9s de notifica\u00e7\u00e3o requisit\u00f3ria uma s\u00e9rie de documentos na creche Espa\u00e7o do Saber, como: Programa de Preven\u00e7\u00e3o de Riscos Ambientais (PPRA) e Programa de Controle M\u00e9dico de Sa\u00fade Ocupacional (PCMSO). O \u00f3rg\u00e3o ministerial ainda exigiu apresenta\u00e7\u00e3o de contracheques do m\u00eas de janeiro, controle de jornada dos educadores, os recibos de [&hellip;]<\/p>\n","protected":false},"author":4,"featured_media":2285,"comment_status":"open","ping_status":"open","sticky":false,"template":"","format":"standard","meta":{"footnotes":""},"categories":[4],"tags":[],"class_list":["post-5242","post","type-post","status-publish","format-standard","has-post-thumbnail","hentry","category-noticias-sinpro-al"],"_links":{"self":[{"href":"http:\/\/sinpro-al.com.br\/v2\/index.php?rest_route=\/wp\/v2\/posts\/5242","targetHints":{"allow":["GET"]}}],"collection":[{"href":"http:\/\/sinpro-al.com.br\/v2\/index.php?rest_route=\/wp\/v2\/posts"}],"about":[{"href":"http:\/\/sinpro-al.com.br\/v2\/index.php?rest_route=\/wp\/v2\/types\/post"}],"author":[{"embeddable":true,"href":"http:\/\/sinpro-al.com.br\/v2\/index.php?rest_route=\/wp\/v2\/users\/4"}],"replies":[{"embeddable":true,"href":"http:\/\/sinpro-al.com.br\/v2\/index.php?rest_route=%2Fwp%2Fv2%2Fcomments&post=5242"}],"version-history":[{"count":3,"href":"http:\/\/sinpro-al.com.br\/v2\/index.php?rest_route=\/wp\/v2\/posts\/5242\/revisions"}],"predecessor-version":[{"id":5245,"href":"http:\/\/sinpro-al.com.br\/v2\/index.php?rest_route=\/wp\/v2\/posts\/5242\/revisions\/5245"}],"wp:featuredmedia":[{"embeddable":true,"href":"http:\/\/sinpro-al.com.br\/v2\/index.php?rest_route=\/wp\/v2\/media\/2285"}],"wp:attachment":[{"href":"http:\/\/sinpro-al.com.br\/v2\/index.php?rest_route=%2Fwp%2Fv2%2Fmedia&parent=5242"}],"wp:term":[{"taxonomy":"category","embeddable":true,"href":"http:\/\/sinpro-al.com.br\/v2\/index.php?rest_route=%2Fwp%2Fv2%2Fcategories&post=5242"},{"taxonomy":"post_tag","embeddable":true,"href":"http:\/\/sinpro-al.com.br\/v2\/index.php?rest_route=%2Fwp%2Fv2%2Ftags&post=5242"}],"curies":[{"name":"wp","href":"https:\/\/api.w.org\/{rel}","templated":true}]}}