{"id":5224,"date":"2018-03-15T13:15:54","date_gmt":"2018-03-15T16:15:54","guid":{"rendered":"http:\/\/sinpro-al.com.br\/v2\/?p=5224"},"modified":"2018-03-15T13:26:37","modified_gmt":"2018-03-15T16:26:37","slug":"nota-de-repudio-5","status":"publish","type":"post","link":"http:\/\/sinpro-al.com.br\/v2\/?p=5224","title":{"rendered":"Nota de rep\u00fadio"},"content":{"rendered":"<p><a href=\"http:\/\/sinpro-al.com.br\/v2\/wp-content\/uploads\/2018\/03\/nota-de-rep\u00fadio.jpg\"><img loading=\"lazy\" decoding=\"async\" class=\"alignleft size-medium wp-image-5225\" src=\"http:\/\/sinpro-al.com.br\/v2\/wp-content\/uploads\/2018\/03\/nota-de-rep\u00fadio-300x255.jpg\" alt=\"\" width=\"300\" height=\"255\" srcset=\"http:\/\/sinpro-al.com.br\/v2\/wp-content\/uploads\/2018\/03\/nota-de-rep\u00fadio-300x255.jpg 300w, http:\/\/sinpro-al.com.br\/v2\/wp-content\/uploads\/2018\/03\/nota-de-rep\u00fadio.jpg 614w\" sizes=\"auto, (max-width: 300px) 100vw, 300px\" \/><\/a>O Sindicato dos Professores de Alagoas (Sinpro\/AL) manifesta seu rep\u00fadio \u00e0 a\u00e7\u00e3o dos agentes de repress\u00e3o e viol\u00eancia de S\u00e3o Paulo e \u00e0 gest\u00e3o do prefeito Jo\u00e3o D\u00f3ria (PSDB), que n\u00e3o oferece di\u00e1logo aos servidores e precariza suas condi\u00e7\u00f5es de vida e trabalho.<\/p>\n<p>\u00c9 inaceit\u00e1vel que as organiza\u00e7\u00f5es que representam os servidores de S\u00e3o Paulo, bem como quaisquer outras organiza\u00e7\u00f5es da Classe Trabalhadora, que enfrenta sucessivos golpes, n\u00e3o tenham respeitado seu direito constitucional \u00e0 manifesta\u00e7\u00e3o, \u00e0 greve ou sequer sejam chamadas ao di\u00e1logo com a gest\u00e3o p\u00fablica.<\/p>\n<p>Os\/as professores\/as do setor privado do Estado de Alagoas s\u00e3o solid\u00e1rios aos professores de S\u00e3o Paulo e se colocam na unidade de luta e resist\u00eancia contra os diversos ataques que a categoria vem sofrendo.<\/p>\n<p style=\"text-align: center;\"><strong>A DIRETORIA\u00a0<\/strong><\/p>\n<p><strong>Saiba mais<\/strong><\/p>\n<p>A C\u00e2mara dos Vereadores de S\u00e3o Paulo virou um campo de guerra na tarde dessa quarta-feira (14\/03). Professores\/as da rede municipal de ensino foram atacados pela Pol\u00edcia Militar e pela Guarda Civil Metropolitana de S\u00e3o Paulo em plen\u00e1rio com bombas de g\u00e1s lacrimog\u00eanio, balas de borracha e cacetetes.<\/p>\n<p>Os\/as professores\/as protestavam contra o corte em suas aposentadorias. O projeto do prefeito Jo\u00e3o Doria afeta mais de 200 mil servidores da maior cidade do pa\u00eds.<\/p>\n<p>Segundo relato da presidenta do Sindicato dos Educadores da Inf\u00e2ncia em S\u00e3o Paulo (SEDIN), Claudete Alves da Silva, os manifestantes foram confinados no plen\u00e1rio enquanto a pol\u00edcia militar e guardas\u00a0civis atiravam contra os mesmos bombas de g\u00e1s lacrimog\u00eanio e ainda os feriam gravemente com cacetetes e balas de borracha.<\/p>\n<p>Algumas das bombas lan\u00e7adas pelos policiais chegaram at\u00e9 a cal\u00e7ada oposta \u00e0 da C\u00e2mara, onde ficam pr\u00e9dios residenciais. A confus\u00e3o se espalhou pelas ruas da vizinhan\u00e7a. Do lado de dentro da C\u00e2mara, funcion\u00e1rios municipais \u2014 alguns da pr\u00f3pria C\u00e2mara \u2013 gritavam \u201cabaixo a repress\u00e3o\u201d aos guardas e policiais que reprimiam as manifesta\u00e7\u00f5es de forma violenta.<\/p>\n<p>O estopim da confus\u00e3o foi a agress\u00e3o sofrida por uma professora, por parte de um agente policial, dentro do Sal\u00e3o Nobre onde a CCJ (Comiss\u00e3o de Constitui\u00e7\u00e3o e Justi\u00e7a) se reunia para debater o projeto em quest\u00e3o.<\/p>\n<p>Desde o in\u00edcio da desastrosa gest\u00e3o do prefeito Jo\u00e3o D\u00f3ria, os servidores municipais lutam contra a retirada de seus direitos, que afetam em grande medida o seu direito \u00e0 aposentadoria, sendo que os trabalhadores da educa\u00e7\u00e3o municipal se encontram em greve h\u00e1 cerca de seis dias.<\/p>\n<p>\u201cAntes de abandonar a prefeitura, Jo\u00e3o Doria quer ser lembrado como carrasco dos professores. Quer levar 20% dos sal\u00e1rios e ainda reprimir quem se manifesta. Um atentado o que a prefeitura faz nesse momento contra o protesto de professores na C\u00e2mara Municipal de SP\u201d, alerta o deputado Orlando Silva (PCdoB-SP).<\/p>\n<p>Mesmo sob protestos e muita viol\u00eancia policial contra os manifestantes, o texto do projeto foi aprovado por volta das 15h45 de hoje.<\/p>\n<p><strong>*Com informa\u00e7\u00f5es do Portal Uol<\/strong><\/p>\n<p>&nbsp;<\/p>\n","protected":false},"excerpt":{"rendered":"<p>O Sindicato dos Professores de Alagoas (Sinpro\/AL) manifesta seu rep\u00fadio \u00e0 a\u00e7\u00e3o dos agentes de repress\u00e3o e viol\u00eancia de S\u00e3o Paulo e \u00e0 gest\u00e3o do prefeito Jo\u00e3o D\u00f3ria (PSDB), que n\u00e3o oferece di\u00e1logo aos servidores e precariza suas condi\u00e7\u00f5es de vida e trabalho. \u00c9 inaceit\u00e1vel que as organiza\u00e7\u00f5es que representam os servidores de S\u00e3o Paulo, [&hellip;]<\/p>\n","protected":false},"author":4,"featured_media":5225,"comment_status":"open","ping_status":"open","sticky":false,"template":"","format":"standard","meta":{"footnotes":""},"categories":[4],"tags":[],"class_list":["post-5224","post","type-post","status-publish","format-standard","has-post-thumbnail","hentry","category-noticias-sinpro-al"],"_links":{"self":[{"href":"http:\/\/sinpro-al.com.br\/v2\/index.php?rest_route=\/wp\/v2\/posts\/5224","targetHints":{"allow":["GET"]}}],"collection":[{"href":"http:\/\/sinpro-al.com.br\/v2\/index.php?rest_route=\/wp\/v2\/posts"}],"about":[{"href":"http:\/\/sinpro-al.com.br\/v2\/index.php?rest_route=\/wp\/v2\/types\/post"}],"author":[{"embeddable":true,"href":"http:\/\/sinpro-al.com.br\/v2\/index.php?rest_route=\/wp\/v2\/users\/4"}],"replies":[{"embeddable":true,"href":"http:\/\/sinpro-al.com.br\/v2\/index.php?rest_route=%2Fwp%2Fv2%2Fcomments&post=5224"}],"version-history":[{"count":1,"href":"http:\/\/sinpro-al.com.br\/v2\/index.php?rest_route=\/wp\/v2\/posts\/5224\/revisions"}],"predecessor-version":[{"id":5226,"href":"http:\/\/sinpro-al.com.br\/v2\/index.php?rest_route=\/wp\/v2\/posts\/5224\/revisions\/5226"}],"wp:featuredmedia":[{"embeddable":true,"href":"http:\/\/sinpro-al.com.br\/v2\/index.php?rest_route=\/wp\/v2\/media\/5225"}],"wp:attachment":[{"href":"http:\/\/sinpro-al.com.br\/v2\/index.php?rest_route=%2Fwp%2Fv2%2Fmedia&parent=5224"}],"wp:term":[{"taxonomy":"category","embeddable":true,"href":"http:\/\/sinpro-al.com.br\/v2\/index.php?rest_route=%2Fwp%2Fv2%2Fcategories&post=5224"},{"taxonomy":"post_tag","embeddable":true,"href":"http:\/\/sinpro-al.com.br\/v2\/index.php?rest_route=%2Fwp%2Fv2%2Ftags&post=5224"}],"curies":[{"name":"wp","href":"https:\/\/api.w.org\/{rel}","templated":true}]}}