{"id":5222,"date":"2018-03-14T09:58:57","date_gmt":"2018-03-14T12:58:57","guid":{"rendered":"http:\/\/sinpro-al.com.br\/v2\/?p=5222"},"modified":"2018-03-14T09:58:57","modified_gmt":"2018-03-14T12:58:57","slug":"sinpro-solidario-campanha-todos-por-marcelino-promove-bazar","status":"publish","type":"post","link":"http:\/\/sinpro-al.com.br\/v2\/?p=5222","title":{"rendered":"Sinpro Solid\u00e1rio: campanha \u201cTodos por Marcelino\u201d promove bazar"},"content":{"rendered":"<p><a href=\"http:\/\/sinpro-al.com.br\/v2\/wp-content\/uploads\/2018\/01\/mf.jpg\"><img loading=\"lazy\" decoding=\"async\" class=\"alignleft size-medium wp-image-5000\" src=\"http:\/\/sinpro-al.com.br\/v2\/wp-content\/uploads\/2018\/01\/mf-294x300.jpg\" alt=\"\" width=\"294\" height=\"300\" srcset=\"http:\/\/sinpro-al.com.br\/v2\/wp-content\/uploads\/2018\/01\/mf-294x300.jpg 294w, http:\/\/sinpro-al.com.br\/v2\/wp-content\/uploads\/2018\/01\/mf-45x45.jpg 45w, http:\/\/sinpro-al.com.br\/v2\/wp-content\/uploads\/2018\/01\/mf.jpg 680w\" sizes=\"auto, (max-width: 294px) 100vw, 294px\" \/><\/a>O Sindicato dos Jornalistas de Alagoas (Sindjornal) e o Grupo Jornalistas\u00a0Solid\u00e1rios realizam no dia 7 de abril, das 8 \u00e0s 12 horas, no Espa\u00e7o Recreativo e\u00a0Cultural do Sesc\/Po\u00e7o, em Macei\u00f3, um Bazar Solid\u00e1rio com o intuito de contribuir\u00a0para o tratamento do jornalista Marcelino Freitas Neto, filho do jornalista Freitas Neto e\u00a0de Gra\u00e7a Freitas, falecidos h\u00e1 20 anos, num desastre a\u00e9reo em Cuba.<\/p>\n<p>O Bazar Solid\u00e1rio integra a campanha \u201cTodos (as) por Marcelino\u201d, deflagrada\u00a0quando o jornalista foi diagnosticado com uma doen\u00e7a degenerativa (ELA). Al\u00e9m do\u00a0Sesc Alagoas, que disponibilizou o local e a infraestrutura para o bazar, tamb\u00e9m est\u00e3o\u00a0apoiando essa iniciativa, especificamente como postos de coleta das doa\u00e7\u00f5es, a\u00a0Federa\u00e7\u00e3o do Com\u00e9rcio de Alagoas (Fecom\u00e9rcio) \u2013 sede\/Farol , o Senac (Po\u00e7o e\u00a0Pinheiro), o Minist\u00e9rio P\u00fablico de Alagoas (Po\u00e7o), a Rubi Joias (Empresarial Bar\u00e3o de\u00a0Penedo\/Centro), Jornal Extra (Empresarial Wall Street\/Po\u00e7o) e o pr\u00f3prio Sindjornal\u00a0(Casa da Comunica\u00e7\u00e3o\/Prado).<\/p>\n<p>Quem desejar contribuir para realiza\u00e7\u00e3o do evento j\u00e1 pode encaminhar suas\u00a0doa\u00e7\u00f5es (roupas, sapatos, acess\u00f3rios, objetos de arte, livros e outras pe\u00e7as) aos postos de\u00a0coleta acima referidos, no hor\u00e1rio comercial. A Coordena\u00e7\u00e3o da Campanha solicita que\u00a0os objetos doados estejam em bom estado, para gerar interesse nas pessoas que v\u00e3o\u00a0ajudar a campanha adquirindo esses produtos.<\/p>\n<p>Os professores que tamb\u00e9m quiserem colaborar com a campanha \u201cTodos (as) por Marcelino\u201d podem realizar suas doa\u00e7\u00f5es na sede do Sindicato dos Professores de Alagoas (Sinpro\/AL), que fica na\u00a0Rua Santa Cruz, 352, Farol, Macei\u00f3-AL. A sede da entidade classista funciona de 9h \u00e0s 15h.<\/p>\n<p><strong>Postos de coletas (Endere\u00e7os)<\/strong><\/p>\n<p>Fecom\u00e9rcio \u2013\u00a0Rua Professor Guedes de Miranda, 188, Farol.<\/p>\n<p>Senac \u2013 Unidade\u00a0Po\u00e7o \u2013 Av. Pedro Paulino, 77.<\/p>\n<p>Senac \u2013 Unidade Pinheiro \u2013 Av. Comendador Francisco Amorim Le\u00e3o, 240.<\/p>\n<p>Minist\u00e9rio P\u00fablico de Alagoas \u2013 Rua Dr. Pedro Jorge Melo e Silva, 79 \u2013 Po\u00e7o.<\/p>\n<p>Rubi Joias \u2013 Empresarial Bar\u00e3o de Penedo\/Centro.<\/p>\n<p>Jornal Extra \u2013 Empresarial Wall Street\/Po\u00e7o.<\/p>\n<p>Sindjornal \u2013\u00a0Rua Sargento Jaime, 370, Prado.<\/p>\n<p><strong>Para os que desejarem contribuir com doa\u00e7\u00f5es em dinheiro, os dados banc\u00e1rios\u00a0para dep\u00f3sito divulgados pela campanha \u201cTodos (a) por Marcelino\u201d s\u00e3o os seguintes:<\/strong><\/p>\n<p>Banco do Brasil\/Gl\u00f3ria Ad\u00e9lia C.Freitas\/CPF: 031.462.284-59\/Ag\u00eancia: 0007-8\/Conta:<\/p>\n<p>12.359-5.<\/p>\n","protected":false},"excerpt":{"rendered":"<p>O Sindicato dos Jornalistas de Alagoas (Sindjornal) e o Grupo Jornalistas\u00a0Solid\u00e1rios realizam no dia 7 de abril, das 8 \u00e0s 12 horas, no Espa\u00e7o Recreativo e\u00a0Cultural do Sesc\/Po\u00e7o, em Macei\u00f3, um Bazar Solid\u00e1rio com o intuito de contribuir\u00a0para o tratamento do jornalista Marcelino Freitas Neto, filho do jornalista Freitas Neto e\u00a0de Gra\u00e7a Freitas, falecidos h\u00e1 [&hellip;]<\/p>\n","protected":false},"author":4,"featured_media":5000,"comment_status":"open","ping_status":"open","sticky":false,"template":"","format":"standard","meta":{"footnotes":""},"categories":[4],"tags":[],"class_list":["post-5222","post","type-post","status-publish","format-standard","has-post-thumbnail","hentry","category-noticias-sinpro-al"],"_links":{"self":[{"href":"http:\/\/sinpro-al.com.br\/v2\/index.php?rest_route=\/wp\/v2\/posts\/5222","targetHints":{"allow":["GET"]}}],"collection":[{"href":"http:\/\/sinpro-al.com.br\/v2\/index.php?rest_route=\/wp\/v2\/posts"}],"about":[{"href":"http:\/\/sinpro-al.com.br\/v2\/index.php?rest_route=\/wp\/v2\/types\/post"}],"author":[{"embeddable":true,"href":"http:\/\/sinpro-al.com.br\/v2\/index.php?rest_route=\/wp\/v2\/users\/4"}],"replies":[{"embeddable":true,"href":"http:\/\/sinpro-al.com.br\/v2\/index.php?rest_route=%2Fwp%2Fv2%2Fcomments&post=5222"}],"version-history":[{"count":1,"href":"http:\/\/sinpro-al.com.br\/v2\/index.php?rest_route=\/wp\/v2\/posts\/5222\/revisions"}],"predecessor-version":[{"id":5223,"href":"http:\/\/sinpro-al.com.br\/v2\/index.php?rest_route=\/wp\/v2\/posts\/5222\/revisions\/5223"}],"wp:featuredmedia":[{"embeddable":true,"href":"http:\/\/sinpro-al.com.br\/v2\/index.php?rest_route=\/wp\/v2\/media\/5000"}],"wp:attachment":[{"href":"http:\/\/sinpro-al.com.br\/v2\/index.php?rest_route=%2Fwp%2Fv2%2Fmedia&parent=5222"}],"wp:term":[{"taxonomy":"category","embeddable":true,"href":"http:\/\/sinpro-al.com.br\/v2\/index.php?rest_route=%2Fwp%2Fv2%2Fcategories&post=5222"},{"taxonomy":"post_tag","embeddable":true,"href":"http:\/\/sinpro-al.com.br\/v2\/index.php?rest_route=%2Fwp%2Fv2%2Ftags&post=5222"}],"curies":[{"name":"wp","href":"https:\/\/api.w.org\/{rel}","templated":true}]}}