{"id":5205,"date":"2018-03-13T12:01:31","date_gmt":"2018-03-13T15:01:31","guid":{"rendered":"http:\/\/sinpro-al.com.br\/v2\/?p=5205"},"modified":"2018-03-13T12:29:36","modified_gmt":"2018-03-13T15:29:36","slug":"marco-lilas","status":"publish","type":"post","link":"http:\/\/sinpro-al.com.br\/v2\/?p=5205","title":{"rendered":"Mar\u00e7o Lil\u00e1s"},"content":{"rendered":"<p><a href=\"http:\/\/sinpro-al.com.br\/v2\/wp-content\/uploads\/2018\/03\/mar\u00e7o-lil\u00e1s-sinpro.jpg\"><img loading=\"lazy\" decoding=\"async\" class=\"alignleft size-medium wp-image-5206\" src=\"http:\/\/sinpro-al.com.br\/v2\/wp-content\/uploads\/2018\/03\/mar\u00e7o-lil\u00e1s-sinpro-220x300.jpg\" alt=\"\" width=\"220\" height=\"300\" srcset=\"http:\/\/sinpro-al.com.br\/v2\/wp-content\/uploads\/2018\/03\/mar\u00e7o-lil\u00e1s-sinpro-220x300.jpg 220w, http:\/\/sinpro-al.com.br\/v2\/wp-content\/uploads\/2018\/03\/mar\u00e7o-lil\u00e1s-sinpro.jpg 640w\" sizes=\"auto, (max-width: 220px) 100vw, 220px\" \/><\/a>O c\u00e2ncer do colo do \u00fatero \u00e9 o terceiro mais incidente na popula\u00e7\u00e3o feminina brasileira, excetuando-se os casos de c\u00e2ncer de pele n\u00e3o melanoma.\u00a0\u00a0Pol\u00edticas p\u00fablicas nessa \u00e1rea v\u00eam sendo desenvolvidas no Brasil desde meados dos anos 80 e foram impulsionadas pelo Programa Viva Mulher, em 1996. O controle do c\u00e2ncer do colo do \u00fatero \u00e9 hoje uma prioridade da agenda de sa\u00fade do pa\u00eds e integra o Plano de A\u00e7\u00f5es Estrat\u00e9gicas para o Enfrentamento das Doen\u00e7as Cr\u00f4nicas N\u00e3o Transmiss\u00edveis (DCNT) no Brasil, lan\u00e7ado pelo Minist\u00e9rio da Sa\u00fade, em 2011.<\/p>\n<p>&nbsp;<\/p>\n<p>&nbsp;<\/p>\n<p>&nbsp;<\/p>\n<p>&nbsp;<\/p>\n<p>&nbsp;<\/p>\n<p style=\"text-align: center;\"><strong>Saiba mais:<\/strong>\u00a0 \u00a0<a href=\"http:\/\/www2.inca.gov.br\/wps\/wcm\/connect\/acoes_programas\/site\/home\/nobrasil\/programa_nacional_controle_cancer_colo_utero\">http:\/\/www2.inca.gov.br\/wps\/wcm\/connect\/acoes_programas\/site\/home\/nobrasil\/programa_nacional_controle_cancer_colo_utero<\/a><\/p>\n<p>&nbsp;<\/p>\n<p>&nbsp;<\/p>\n","protected":false},"excerpt":{"rendered":"<p>O c\u00e2ncer do colo do \u00fatero \u00e9 o terceiro mais incidente na popula\u00e7\u00e3o feminina brasileira, excetuando-se os casos de c\u00e2ncer de pele n\u00e3o melanoma.\u00a0\u00a0Pol\u00edticas p\u00fablicas nessa \u00e1rea v\u00eam sendo desenvolvidas no Brasil desde meados dos anos 80 e foram impulsionadas pelo Programa Viva Mulher, em 1996. O controle do c\u00e2ncer do colo do \u00fatero \u00e9 [&hellip;]<\/p>\n","protected":false},"author":4,"featured_media":5206,"comment_status":"open","ping_status":"open","sticky":false,"template":"","format":"standard","meta":{"footnotes":""},"categories":[4],"tags":[],"class_list":["post-5205","post","type-post","status-publish","format-standard","has-post-thumbnail","hentry","category-noticias-sinpro-al"],"_links":{"self":[{"href":"http:\/\/sinpro-al.com.br\/v2\/index.php?rest_route=\/wp\/v2\/posts\/5205","targetHints":{"allow":["GET"]}}],"collection":[{"href":"http:\/\/sinpro-al.com.br\/v2\/index.php?rest_route=\/wp\/v2\/posts"}],"about":[{"href":"http:\/\/sinpro-al.com.br\/v2\/index.php?rest_route=\/wp\/v2\/types\/post"}],"author":[{"embeddable":true,"href":"http:\/\/sinpro-al.com.br\/v2\/index.php?rest_route=\/wp\/v2\/users\/4"}],"replies":[{"embeddable":true,"href":"http:\/\/sinpro-al.com.br\/v2\/index.php?rest_route=%2Fwp%2Fv2%2Fcomments&post=5205"}],"version-history":[{"count":6,"href":"http:\/\/sinpro-al.com.br\/v2\/index.php?rest_route=\/wp\/v2\/posts\/5205\/revisions"}],"predecessor-version":[{"id":5212,"href":"http:\/\/sinpro-al.com.br\/v2\/index.php?rest_route=\/wp\/v2\/posts\/5205\/revisions\/5212"}],"wp:featuredmedia":[{"embeddable":true,"href":"http:\/\/sinpro-al.com.br\/v2\/index.php?rest_route=\/wp\/v2\/media\/5206"}],"wp:attachment":[{"href":"http:\/\/sinpro-al.com.br\/v2\/index.php?rest_route=%2Fwp%2Fv2%2Fmedia&parent=5205"}],"wp:term":[{"taxonomy":"category","embeddable":true,"href":"http:\/\/sinpro-al.com.br\/v2\/index.php?rest_route=%2Fwp%2Fv2%2Fcategories&post=5205"},{"taxonomy":"post_tag","embeddable":true,"href":"http:\/\/sinpro-al.com.br\/v2\/index.php?rest_route=%2Fwp%2Fv2%2Ftags&post=5205"}],"curies":[{"name":"wp","href":"https:\/\/api.w.org\/{rel}","templated":true}]}}