{"id":5190,"date":"2018-03-02T11:14:14","date_gmt":"2018-03-02T14:14:14","guid":{"rendered":"http:\/\/sinpro-al.com.br\/v2\/?p=5190"},"modified":"2018-03-03T16:02:00","modified_gmt":"2018-03-03T19:02:00","slug":"mpt-requisita-documento-de-creche-apos-denuncias-do-sinproal","status":"publish","type":"post","link":"http:\/\/sinpro-al.com.br\/v2\/?p=5190","title":{"rendered":"MPT requisita documento de creche ap\u00f3s den\u00fancias do Sinpro\/AL"},"content":{"rendered":"<p><a href=\"http:\/\/sinpro-al.com.br\/v2\/wp-content\/uploads\/2016\/08\/respeito.jpg\"><img loading=\"lazy\" decoding=\"async\" class=\"alignleft size-medium wp-image-3005\" src=\"http:\/\/sinpro-al.com.br\/v2\/wp-content\/uploads\/2016\/08\/respeito-300x226.jpg\" alt=\"\" width=\"300\" height=\"226\" srcset=\"http:\/\/sinpro-al.com.br\/v2\/wp-content\/uploads\/2016\/08\/respeito-300x226.jpg 300w, http:\/\/sinpro-al.com.br\/v2\/wp-content\/uploads\/2016\/08\/respeito.jpg 731w\" sizes=\"auto, (max-width: 300px) 100vw, 300px\" \/><\/a>Ap\u00f3s as den\u00fancias encaminhadas pelo Sindicato dos Professores de Alagoas (Sinpro\/AL), o Minist\u00e9rio P\u00fablico do Trabalho requereu atrav\u00e9s de notifica\u00e7\u00e3o as c\u00f3pias das Carteiras de Trabalho dos professores da Creche Ber\u00e7\u00e1rio Criando o Amanh\u00e3, localizada no bairro do Eust\u00e1quio Gomes, em Macei\u00f3. O \u00f3rg\u00e3o quer identificar se os profissionais est\u00e3o com suas Carteiras devidamente assinadas, como determinada a Legisla\u00e7\u00e3o Trabalhista.<\/p>\n<p>O Sindicato dos Professores de Alagoas segue atento aos descumprimentos dos estabelecimentos de ensino sobre o que determinada a Legisla\u00e7\u00e3o Trabalhista e as condi\u00e7\u00f5es de trabalho dos educadores.<\/p>\n<p>A diretoria da entidade classista espera que os diretos trabalhistas e as condi\u00e7\u00f5es dignas do exerc\u00edcio da profiss\u00e3o sejam cumpridas na Creche Ber\u00e7\u00e1rio Criando o Amanh\u00e3.<\/p>\n<p>Somos professores com orgulho e exigimos respeito!<\/p>\n","protected":false},"excerpt":{"rendered":"<p>Ap\u00f3s as den\u00fancias encaminhadas pelo Sindicato dos Professores de Alagoas (Sinpro\/AL), o Minist\u00e9rio P\u00fablico do Trabalho requereu atrav\u00e9s de notifica\u00e7\u00e3o as c\u00f3pias das Carteiras de Trabalho dos professores da Creche Ber\u00e7\u00e1rio Criando o Amanh\u00e3, localizada no bairro do Eust\u00e1quio Gomes, em Macei\u00f3. O \u00f3rg\u00e3o quer identificar se os profissionais est\u00e3o com suas Carteiras devidamente assinadas, [&hellip;]<\/p>\n","protected":false},"author":4,"featured_media":3005,"comment_status":"open","ping_status":"open","sticky":false,"template":"","format":"standard","meta":{"footnotes":""},"categories":[4],"tags":[],"class_list":["post-5190","post","type-post","status-publish","format-standard","has-post-thumbnail","hentry","category-noticias-sinpro-al"],"_links":{"self":[{"href":"http:\/\/sinpro-al.com.br\/v2\/index.php?rest_route=\/wp\/v2\/posts\/5190","targetHints":{"allow":["GET"]}}],"collection":[{"href":"http:\/\/sinpro-al.com.br\/v2\/index.php?rest_route=\/wp\/v2\/posts"}],"about":[{"href":"http:\/\/sinpro-al.com.br\/v2\/index.php?rest_route=\/wp\/v2\/types\/post"}],"author":[{"embeddable":true,"href":"http:\/\/sinpro-al.com.br\/v2\/index.php?rest_route=\/wp\/v2\/users\/4"}],"replies":[{"embeddable":true,"href":"http:\/\/sinpro-al.com.br\/v2\/index.php?rest_route=%2Fwp%2Fv2%2Fcomments&post=5190"}],"version-history":[{"count":2,"href":"http:\/\/sinpro-al.com.br\/v2\/index.php?rest_route=\/wp\/v2\/posts\/5190\/revisions"}],"predecessor-version":[{"id":5193,"href":"http:\/\/sinpro-al.com.br\/v2\/index.php?rest_route=\/wp\/v2\/posts\/5190\/revisions\/5193"}],"wp:featuredmedia":[{"embeddable":true,"href":"http:\/\/sinpro-al.com.br\/v2\/index.php?rest_route=\/wp\/v2\/media\/3005"}],"wp:attachment":[{"href":"http:\/\/sinpro-al.com.br\/v2\/index.php?rest_route=%2Fwp%2Fv2%2Fmedia&parent=5190"}],"wp:term":[{"taxonomy":"category","embeddable":true,"href":"http:\/\/sinpro-al.com.br\/v2\/index.php?rest_route=%2Fwp%2Fv2%2Fcategories&post=5190"},{"taxonomy":"post_tag","embeddable":true,"href":"http:\/\/sinpro-al.com.br\/v2\/index.php?rest_route=%2Fwp%2Fv2%2Ftags&post=5190"}],"curies":[{"name":"wp","href":"https:\/\/api.w.org\/{rel}","templated":true}]}}