{"id":5183,"date":"2018-02-28T11:42:05","date_gmt":"2018-02-28T14:42:05","guid":{"rendered":"http:\/\/sinpro-al.com.br\/v2\/?p=5183"},"modified":"2018-02-28T11:42:05","modified_gmt":"2018-02-28T14:42:05","slug":"sinpro-solidario-doe-material-escolar-para-as-criancas-da-comunidade-sururu-de-capote","status":"publish","type":"post","link":"http:\/\/sinpro-al.com.br\/v2\/?p=5183","title":{"rendered":"Sinpro Solid\u00e1rio: doe material escolar para as crian\u00e7as da comunidade Sururu de Capote"},"content":{"rendered":"<div id=\"attachment_5184\" style=\"width: 186px\" class=\"wp-caption alignleft\"><a href=\"http:\/\/sinpro-al.com.br\/v2\/wp-content\/uploads\/2018\/02\/doe-livro.jpg\"><img loading=\"lazy\" decoding=\"async\" aria-describedby=\"caption-attachment-5184\" class=\"wp-image-5184 size-medium\" src=\"http:\/\/sinpro-al.com.br\/v2\/wp-content\/uploads\/2018\/02\/doe-livro-176x300.jpg\" alt=\"\" width=\"176\" height=\"300\" srcset=\"http:\/\/sinpro-al.com.br\/v2\/wp-content\/uploads\/2018\/02\/doe-livro-176x300.jpg 176w, http:\/\/sinpro-al.com.br\/v2\/wp-content\/uploads\/2018\/02\/doe-livro-602x1024.jpg 602w, http:\/\/sinpro-al.com.br\/v2\/wp-content\/uploads\/2018\/02\/doe-livro.jpg 758w\" sizes=\"auto, (max-width: 176px) 100vw, 176px\" \/><\/a><p id=\"caption-attachment-5184\" class=\"wp-caption-text\">Clique para ampliar a imagem<\/p><\/div>\n<p>O Sindicato dos Professores de Alagoas (Sinpro\/AL) est\u00e1 arrecadando material escolar at\u00e9 sexta\u2013feira, 2\/2, de 9h \u00e0s 15h, na sede da entidade classista, que fica localizada na Rua Santa Cruz, n\u00famero 352, no bairro do Farol.<\/p>\n<p>A campanha de arrecada\u00e7\u00e3o visa ajudar crian\u00e7as que vivem em situa\u00e7\u00e3o de vulnerabilidade social na comunidade Sururu de Capote, no bairro do Vergel, em Macei\u00f3.<\/p>\n<p>Todo material arrecadado ser\u00e1 encaminhado para Associa\u00e7\u00e3o Esp\u00edrita Nosso Lar, que fica localizada na \u00a0Av. Senador Rui Palmeira, 481, no Vergel.<\/p>\n<p>A entrega de todo material escolar arrecadado ser\u00e1 realizado no dia 3 de mar\u00e7o (s\u00e1bado), \u00e0s 15h, na sede do Nosso Lar.<\/p>\n<p>Desde j\u00e1 a diretoria do Sinpro\/AL agradece a comunidade educacional que puder contribuir com esse ato de solidariedade e toda sociedade alagoana.<\/p>\n","protected":false},"excerpt":{"rendered":"<p>O Sindicato dos Professores de Alagoas (Sinpro\/AL) est\u00e1 arrecadando material escolar at\u00e9 sexta\u2013feira, 2\/2, de 9h \u00e0s 15h, na sede da entidade classista, que fica localizada na Rua Santa Cruz, n\u00famero 352, no bairro do Farol. A campanha de arrecada\u00e7\u00e3o visa ajudar crian\u00e7as que vivem em situa\u00e7\u00e3o de vulnerabilidade social na comunidade Sururu de Capote, [&hellip;]<\/p>\n","protected":false},"author":4,"featured_media":5184,"comment_status":"open","ping_status":"open","sticky":false,"template":"","format":"standard","meta":{"footnotes":""},"categories":[4],"tags":[],"class_list":["post-5183","post","type-post","status-publish","format-standard","has-post-thumbnail","hentry","category-noticias-sinpro-al"],"_links":{"self":[{"href":"http:\/\/sinpro-al.com.br\/v2\/index.php?rest_route=\/wp\/v2\/posts\/5183","targetHints":{"allow":["GET"]}}],"collection":[{"href":"http:\/\/sinpro-al.com.br\/v2\/index.php?rest_route=\/wp\/v2\/posts"}],"about":[{"href":"http:\/\/sinpro-al.com.br\/v2\/index.php?rest_route=\/wp\/v2\/types\/post"}],"author":[{"embeddable":true,"href":"http:\/\/sinpro-al.com.br\/v2\/index.php?rest_route=\/wp\/v2\/users\/4"}],"replies":[{"embeddable":true,"href":"http:\/\/sinpro-al.com.br\/v2\/index.php?rest_route=%2Fwp%2Fv2%2Fcomments&post=5183"}],"version-history":[{"count":1,"href":"http:\/\/sinpro-al.com.br\/v2\/index.php?rest_route=\/wp\/v2\/posts\/5183\/revisions"}],"predecessor-version":[{"id":5185,"href":"http:\/\/sinpro-al.com.br\/v2\/index.php?rest_route=\/wp\/v2\/posts\/5183\/revisions\/5185"}],"wp:featuredmedia":[{"embeddable":true,"href":"http:\/\/sinpro-al.com.br\/v2\/index.php?rest_route=\/wp\/v2\/media\/5184"}],"wp:attachment":[{"href":"http:\/\/sinpro-al.com.br\/v2\/index.php?rest_route=%2Fwp%2Fv2%2Fmedia&parent=5183"}],"wp:term":[{"taxonomy":"category","embeddable":true,"href":"http:\/\/sinpro-al.com.br\/v2\/index.php?rest_route=%2Fwp%2Fv2%2Fcategories&post=5183"},{"taxonomy":"post_tag","embeddable":true,"href":"http:\/\/sinpro-al.com.br\/v2\/index.php?rest_route=%2Fwp%2Fv2%2Ftags&post=5183"}],"curies":[{"name":"wp","href":"https:\/\/api.w.org\/{rel}","templated":true}]}}