{"id":518,"date":"2014-11-17T11:23:35","date_gmt":"2014-11-17T14:23:35","guid":{"rendered":"http:\/\/sinpro-al.com.br\/v2\/?p=518"},"modified":"2014-11-17T11:23:35","modified_gmt":"2014-11-17T14:23:35","slug":"sinpro-al-realiza-assembleia-geral-no-proximo-dia-29","status":"publish","type":"post","link":"http:\/\/sinpro-al.com.br\/v2\/?p=518","title":{"rendered":"Sinpro-AL realiza assembleia geral no pr\u00f3ximo dia 29"},"content":{"rendered":"<p><a href=\"http:\/\/sinpro-al.com.br\/v2\/wp-content\/uploads\/2014\/11\/IMG_20141115_121627058-1.jpg\"><img loading=\"lazy\" decoding=\"async\" class=\"alignleft wp-image-520 size-medium\" src=\"http:\/\/sinpro-al.com.br\/v2\/wp-content\/uploads\/2014\/11\/IMG_20141115_121627058-1-300x219.jpg\" alt=\"IMG_20141115_121627058 (1)\" width=\"300\" height=\"219\" srcset=\"http:\/\/sinpro-al.com.br\/v2\/wp-content\/uploads\/2014\/11\/IMG_20141115_121627058-1-300x219.jpg 300w, http:\/\/sinpro-al.com.br\/v2\/wp-content\/uploads\/2014\/11\/IMG_20141115_121627058-1-1024x749.jpg 1024w, http:\/\/sinpro-al.com.br\/v2\/wp-content\/uploads\/2014\/11\/IMG_20141115_121627058-1.jpg 1456w\" sizes=\"auto, (max-width: 300px) 100vw, 300px\" \/><\/a>O Sindicato dos Professores do Estado de Alagoas (Sinpro-AL) convoca os docentes associados e quites com suas obriga\u00e7\u00f5es sociais para uma assembleia geral extraordin\u00e1ria que acontece no pr\u00f3ximo dia 29 ao meio dia no Sindicato dos Banc\u00e1rios, no Centro de Macei\u00f3.<\/p>\n<p>Na pauta est\u00e3o assuntos relacionados a elei\u00e7\u00e3o para a diretoria, como a forma\u00e7\u00e3o da comiss\u00e3o eleitoral, discuss\u00e3o do qu\u00f3rum eleitoral e outros temas de interesse da categoria.<\/p>\n<p>A participa\u00e7\u00e3o de todos \u00e9 fundamental, e para refor\u00e7a a presen\u00e7a dos professores, a diretoria est\u00e1 distribuindo nas escolas o panfleto com a convoca\u00e7\u00e3o e fixando cartazes para estimular os profissionais a irem ao local e participar.<\/p>\n\n\t\t<style type=\"text\/css\">\n\t\t\t#gallery-1 {\n\t\t\t\tmargin: auto;\n\t\t\t}\n\t\t\t#gallery-1 .gallery-item {\n\t\t\t\tfloat: left;\n\t\t\t\tmargin-top: 10px;\n\t\t\t\ttext-align: center;\n\t\t\t\twidth: 50%;\n\t\t\t}\n\t\t\t#gallery-1 img {\n\t\t\t\tborder: 2px solid #cfcfcf;\n\t\t\t}\n\t\t\t#gallery-1 .gallery-caption {\n\t\t\t\tmargin-left: 0;\n\t\t\t}\n\t\t\t\/* see gallery_shortcode() in wp-includes\/media.php *\/\n\t\t<\/style>\n\t\t<div id='gallery-1' class='gallery galleryid-518 gallery-columns-2 gallery-size-thumbnail'><dl class='gallery-item'>\n\t\t\t<dt class='gallery-icon landscape'>\n\t\t\t\t<a href='http:\/\/sinpro-al.com.br\/v2\/?attachment_id=521'><img loading=\"lazy\" decoding=\"async\" width=\"150\" height=\"150\" src=\"http:\/\/sinpro-al.com.br\/v2\/wp-content\/uploads\/2014\/11\/IMG_20141117_083553757_HDR-150x150.jpg\" class=\"attachment-thumbnail size-thumbnail\" alt=\"\" \/><\/a>\n\t\t\t<\/dt><\/dl><dl class='gallery-item'>\n\t\t\t<dt class='gallery-icon landscape'>\n\t\t\t\t<a href='http:\/\/sinpro-al.com.br\/v2\/?attachment_id=522'><img loading=\"lazy\" decoding=\"async\" width=\"150\" height=\"150\" src=\"http:\/\/sinpro-al.com.br\/v2\/wp-content\/uploads\/2014\/11\/IMG_20141117_084329373-1-150x150.jpg\" class=\"attachment-thumbnail size-thumbnail\" alt=\"\" \/><\/a>\n\t\t\t<\/dt><\/dl><br style=\"clear: both\" \/>\n\t\t<\/div>\n\n","protected":false},"excerpt":{"rendered":"<p>O Sindicato dos Professores do Estado de Alagoas (Sinpro-AL) convoca os docentes associados e quites com suas obriga\u00e7\u00f5es sociais para uma assembleia geral extraordin\u00e1ria que acontece no pr\u00f3ximo dia 29 ao meio dia no Sindicato dos Banc\u00e1rios, no Centro de Macei\u00f3. Na pauta est\u00e3o assuntos relacionados a elei\u00e7\u00e3o para a diretoria, como a forma\u00e7\u00e3o da [&hellip;]<\/p>\n","protected":false},"author":4,"featured_media":0,"comment_status":"open","ping_status":"open","sticky":false,"template":"","format":"standard","meta":{"footnotes":""},"categories":[18,4],"tags":[],"class_list":["post-518","post","type-post","status-publish","format-standard","hentry","category-alagoas","category-noticias-sinpro-al"],"_links":{"self":[{"href":"http:\/\/sinpro-al.com.br\/v2\/index.php?rest_route=\/wp\/v2\/posts\/518","targetHints":{"allow":["GET"]}}],"collection":[{"href":"http:\/\/sinpro-al.com.br\/v2\/index.php?rest_route=\/wp\/v2\/posts"}],"about":[{"href":"http:\/\/sinpro-al.com.br\/v2\/index.php?rest_route=\/wp\/v2\/types\/post"}],"author":[{"embeddable":true,"href":"http:\/\/sinpro-al.com.br\/v2\/index.php?rest_route=\/wp\/v2\/users\/4"}],"replies":[{"embeddable":true,"href":"http:\/\/sinpro-al.com.br\/v2\/index.php?rest_route=%2Fwp%2Fv2%2Fcomments&post=518"}],"version-history":[{"count":1,"href":"http:\/\/sinpro-al.com.br\/v2\/index.php?rest_route=\/wp\/v2\/posts\/518\/revisions"}],"predecessor-version":[{"id":523,"href":"http:\/\/sinpro-al.com.br\/v2\/index.php?rest_route=\/wp\/v2\/posts\/518\/revisions\/523"}],"wp:attachment":[{"href":"http:\/\/sinpro-al.com.br\/v2\/index.php?rest_route=%2Fwp%2Fv2%2Fmedia&parent=518"}],"wp:term":[{"taxonomy":"category","embeddable":true,"href":"http:\/\/sinpro-al.com.br\/v2\/index.php?rest_route=%2Fwp%2Fv2%2Fcategories&post=518"},{"taxonomy":"post_tag","embeddable":true,"href":"http:\/\/sinpro-al.com.br\/v2\/index.php?rest_route=%2Fwp%2Fv2%2Ftags&post=518"}],"curies":[{"name":"wp","href":"https:\/\/api.w.org\/{rel}","templated":true}]}}