{"id":5165,"date":"2018-02-22T18:15:10","date_gmt":"2018-02-22T21:15:10","guid":{"rendered":"http:\/\/sinpro-al.com.br\/v2\/?p=5165"},"modified":"2018-02-22T18:15:10","modified_gmt":"2018-02-22T21:15:10","slug":"reconhecimento-sinproal-filia-mais-de-150-professores-em-menos-de-3-meses","status":"publish","type":"post","link":"http:\/\/sinpro-al.com.br\/v2\/?p=5165","title":{"rendered":"Reconhecimento: Sinpro\/AL filia mais de 150 professores em menos de 3 meses"},"content":{"rendered":"<p><a href=\"http:\/\/sinpro-al.com.br\/v2\/wp-content\/uploads\/2017\/12\/vem-com-a-gente.jpg\"><img loading=\"lazy\" decoding=\"async\" class=\"alignleft size-medium wp-image-4952\" src=\"http:\/\/sinpro-al.com.br\/v2\/wp-content\/uploads\/2017\/12\/vem-com-a-gente-224x300.jpg\" alt=\"\" width=\"224\" height=\"300\" srcset=\"http:\/\/sinpro-al.com.br\/v2\/wp-content\/uploads\/2017\/12\/vem-com-a-gente-224x300.jpg 224w, http:\/\/sinpro-al.com.br\/v2\/wp-content\/uploads\/2017\/12\/vem-com-a-gente-768x1027.jpg 768w, http:\/\/sinpro-al.com.br\/v2\/wp-content\/uploads\/2017\/12\/vem-com-a-gente-766x1024.jpg 766w, http:\/\/sinpro-al.com.br\/v2\/wp-content\/uploads\/2017\/12\/vem-com-a-gente.jpg 853w\" sizes=\"auto, (max-width: 224px) 100vw, 224px\" \/><\/a>\u00c9 tempo de construir. Atrav\u00e9s desse lema que a diretoria do Sindicato dos Professores de Alagoas (Sinpro\/AL) tem pautado suas a\u00e7\u00f5es e em menos de tr\u00eas meses: dezembro, janeiro e fevereiro a entidade classista filiou 153 educadores.<\/p>\n<p>O n\u00famero reflete a confian\u00e7a da categoria na gest\u00e3o e o trabalho exaustivo em prol de lutas e valoriza\u00e7\u00f5es dos docentes.<\/p>\n<p>A diretoria do Sinpro\/AL tem sua atua\u00e7\u00e3o marcada pela unidade e transpar\u00eancia.<\/p>\n<p>Somos professores com orgulho e exigimos respeito!<\/p>\n<p>&nbsp;<\/p>\n<p>&nbsp;<\/p>\n","protected":false},"excerpt":{"rendered":"<p>\u00c9 tempo de construir. Atrav\u00e9s desse lema que a diretoria do Sindicato dos Professores de Alagoas (Sinpro\/AL) tem pautado suas a\u00e7\u00f5es e em menos de tr\u00eas meses: dezembro, janeiro e fevereiro a entidade classista filiou 153 educadores. O n\u00famero reflete a confian\u00e7a da categoria na gest\u00e3o e o trabalho exaustivo em prol de lutas e [&hellip;]<\/p>\n","protected":false},"author":4,"featured_media":4952,"comment_status":"open","ping_status":"open","sticky":false,"template":"","format":"standard","meta":{"footnotes":""},"categories":[4],"tags":[],"class_list":["post-5165","post","type-post","status-publish","format-standard","has-post-thumbnail","hentry","category-noticias-sinpro-al"],"_links":{"self":[{"href":"http:\/\/sinpro-al.com.br\/v2\/index.php?rest_route=\/wp\/v2\/posts\/5165","targetHints":{"allow":["GET"]}}],"collection":[{"href":"http:\/\/sinpro-al.com.br\/v2\/index.php?rest_route=\/wp\/v2\/posts"}],"about":[{"href":"http:\/\/sinpro-al.com.br\/v2\/index.php?rest_route=\/wp\/v2\/types\/post"}],"author":[{"embeddable":true,"href":"http:\/\/sinpro-al.com.br\/v2\/index.php?rest_route=\/wp\/v2\/users\/4"}],"replies":[{"embeddable":true,"href":"http:\/\/sinpro-al.com.br\/v2\/index.php?rest_route=%2Fwp%2Fv2%2Fcomments&post=5165"}],"version-history":[{"count":1,"href":"http:\/\/sinpro-al.com.br\/v2\/index.php?rest_route=\/wp\/v2\/posts\/5165\/revisions"}],"predecessor-version":[{"id":5166,"href":"http:\/\/sinpro-al.com.br\/v2\/index.php?rest_route=\/wp\/v2\/posts\/5165\/revisions\/5166"}],"wp:featuredmedia":[{"embeddable":true,"href":"http:\/\/sinpro-al.com.br\/v2\/index.php?rest_route=\/wp\/v2\/media\/4952"}],"wp:attachment":[{"href":"http:\/\/sinpro-al.com.br\/v2\/index.php?rest_route=%2Fwp%2Fv2%2Fmedia&parent=5165"}],"wp:term":[{"taxonomy":"category","embeddable":true,"href":"http:\/\/sinpro-al.com.br\/v2\/index.php?rest_route=%2Fwp%2Fv2%2Fcategories&post=5165"},{"taxonomy":"post_tag","embeddable":true,"href":"http:\/\/sinpro-al.com.br\/v2\/index.php?rest_route=%2Fwp%2Fv2%2Ftags&post=5165"}],"curies":[{"name":"wp","href":"https:\/\/api.w.org\/{rel}","templated":true}]}}