{"id":5160,"date":"2018-02-21T13:36:37","date_gmt":"2018-02-21T16:36:37","guid":{"rendered":"http:\/\/sinpro-al.com.br\/v2\/?p=5160"},"modified":"2018-02-23T13:14:13","modified_gmt":"2018-02-23T16:14:13","slug":"5160","status":"publish","type":"post","link":"http:\/\/sinpro-al.com.br\/v2\/?p=5160","title":{"rendered":"Pedido do Sinpro: mais seguran\u00e7a para Rio Largo e regi\u00f5es circunvizinhas"},"content":{"rendered":"<div id=\"attachment_5063\" style=\"width: 310px\" class=\"wp-caption alignleft\"><a href=\"http:\/\/sinpro-al.com.br\/v2\/wp-content\/uploads\/2018\/01\/lima-jr.jpg\"><img loading=\"lazy\" decoding=\"async\" aria-describedby=\"caption-attachment-5063\" class=\"wp-image-5063 size-medium\" src=\"http:\/\/sinpro-al.com.br\/v2\/wp-content\/uploads\/2018\/01\/lima-jr-300x225.jpg\" alt=\"\" width=\"300\" height=\"225\" srcset=\"http:\/\/sinpro-al.com.br\/v2\/wp-content\/uploads\/2018\/01\/lima-jr-300x225.jpg 300w, http:\/\/sinpro-al.com.br\/v2\/wp-content\/uploads\/2018\/01\/lima-jr-768x576.jpg 768w, http:\/\/sinpro-al.com.br\/v2\/wp-content\/uploads\/2018\/01\/lima-jr.jpg 1024w\" sizes=\"auto, (max-width: 300px) 100vw, 300px\" \/><\/a><p id=\"caption-attachment-5063\" class=\"wp-caption-text\">Lima J\u00fanior e os diretores do Sinpro: Marcelo Porto e Eduardo Vasconcelos<\/p><\/div>\n<p>Desde a semana passada a Pol\u00edcia Militar promove uma ocupa\u00e7\u00e3o em Rio Largo e Pilar, na Regi\u00e3o Metropolitana de Macei\u00f3, para tentar conter a onda de viol\u00eancia nessas cidades.<\/p>\n<p>No munc\u00edpio de Rio Largo a ocupa\u00e7\u00e3o ser\u00e1 por conta do Batalh\u00e3o de Opera\u00e7\u00f5es Policiais Especiais (Bope), garantiu o comandante do 8\u00ba Batalh\u00e3o da Pol\u00edcia Militar (8\u00ba BPM), major Coutinho.<\/p>\n<p>A medida adotada pelo presidente do Sinpro\/AL teve como base o aumento de ocorr\u00eancias, como: porte de arma, assaltos, assassinatos, uso e tr\u00e1fico de drogas pr\u00f3ximo as\u00a0 escolas.<\/p>\n<p>O aumento da viol\u00eancia \u00e9 algo not\u00f3rio e de conhecimento da comunidade educacional. A solicita\u00e7\u00e3o do Sindicato dos Professores de Alagoas visou contribuir para diminui\u00e7\u00e3o de ocorr\u00eancias de viol\u00eancias contra professores, alunos, respons\u00e1veis e demais trabalhadores das institui\u00e7\u00f5es de ensino vulner\u00e1veis.<\/p>\n<p>A diretoria da entidade classista parabeniza as a\u00e7\u00f5es proativas da Secretaria de Seguran\u00e7a em defesa da paz social.<\/p>\n<p>Somos professores com orgulho e exigimos respeito!<\/p>\n<p>&nbsp;<\/p>\n","protected":false},"excerpt":{"rendered":"<p>Desde a semana passada a Pol\u00edcia Militar promove uma ocupa\u00e7\u00e3o em Rio Largo e Pilar, na Regi\u00e3o Metropolitana de Macei\u00f3, para tentar conter a onda de viol\u00eancia nessas cidades. No munc\u00edpio de Rio Largo a ocupa\u00e7\u00e3o ser\u00e1 por conta do Batalh\u00e3o de Opera\u00e7\u00f5es Policiais Especiais (Bope), garantiu o comandante do 8\u00ba Batalh\u00e3o da Pol\u00edcia Militar [&hellip;]<\/p>\n","protected":false},"author":4,"featured_media":5063,"comment_status":"open","ping_status":"open","sticky":false,"template":"","format":"standard","meta":{"footnotes":""},"categories":[4],"tags":[],"class_list":["post-5160","post","type-post","status-publish","format-standard","has-post-thumbnail","hentry","category-noticias-sinpro-al"],"_links":{"self":[{"href":"http:\/\/sinpro-al.com.br\/v2\/index.php?rest_route=\/wp\/v2\/posts\/5160","targetHints":{"allow":["GET"]}}],"collection":[{"href":"http:\/\/sinpro-al.com.br\/v2\/index.php?rest_route=\/wp\/v2\/posts"}],"about":[{"href":"http:\/\/sinpro-al.com.br\/v2\/index.php?rest_route=\/wp\/v2\/types\/post"}],"author":[{"embeddable":true,"href":"http:\/\/sinpro-al.com.br\/v2\/index.php?rest_route=\/wp\/v2\/users\/4"}],"replies":[{"embeddable":true,"href":"http:\/\/sinpro-al.com.br\/v2\/index.php?rest_route=%2Fwp%2Fv2%2Fcomments&post=5160"}],"version-history":[{"count":5,"href":"http:\/\/sinpro-al.com.br\/v2\/index.php?rest_route=\/wp\/v2\/posts\/5160\/revisions"}],"predecessor-version":[{"id":5172,"href":"http:\/\/sinpro-al.com.br\/v2\/index.php?rest_route=\/wp\/v2\/posts\/5160\/revisions\/5172"}],"wp:featuredmedia":[{"embeddable":true,"href":"http:\/\/sinpro-al.com.br\/v2\/index.php?rest_route=\/wp\/v2\/media\/5063"}],"wp:attachment":[{"href":"http:\/\/sinpro-al.com.br\/v2\/index.php?rest_route=%2Fwp%2Fv2%2Fmedia&parent=5160"}],"wp:term":[{"taxonomy":"category","embeddable":true,"href":"http:\/\/sinpro-al.com.br\/v2\/index.php?rest_route=%2Fwp%2Fv2%2Fcategories&post=5160"},{"taxonomy":"post_tag","embeddable":true,"href":"http:\/\/sinpro-al.com.br\/v2\/index.php?rest_route=%2Fwp%2Fv2%2Ftags&post=5160"}],"curies":[{"name":"wp","href":"https:\/\/api.w.org\/{rel}","templated":true}]}}