{"id":5152,"date":"2018-02-19T18:29:32","date_gmt":"2018-02-19T21:29:32","guid":{"rendered":"http:\/\/sinpro-al.com.br\/v2\/?p=5152"},"modified":"2018-02-19T18:29:32","modified_gmt":"2018-02-19T21:29:32","slug":"penedo-sinproal-ira-promover-seminario-sobre-educacao-em-marco","status":"publish","type":"post","link":"http:\/\/sinpro-al.com.br\/v2\/?p=5152","title":{"rendered":"Penedo: Sinpro\/AL ir\u00e1 promover semin\u00e1rio sobre \u201cEduca\u00e7\u00e3o\u201d em mar\u00e7o"},"content":{"rendered":"<div id=\"attachment_5116\" style=\"width: 222px\" class=\"wp-caption alignleft\"><a href=\"http:\/\/sinpro-al.com.br\/v2\/wp-content\/uploads\/2018\/02\/banner-penedo.jpg\"><img loading=\"lazy\" decoding=\"async\" aria-describedby=\"caption-attachment-5116\" class=\"wp-image-5116 size-medium\" src=\"http:\/\/sinpro-al.com.br\/v2\/wp-content\/uploads\/2018\/02\/banner-penedo-212x300.jpg\" alt=\"\" width=\"212\" height=\"300\" srcset=\"http:\/\/sinpro-al.com.br\/v2\/wp-content\/uploads\/2018\/02\/banner-penedo-212x300.jpg 212w, http:\/\/sinpro-al.com.br\/v2\/wp-content\/uploads\/2018\/02\/banner-penedo-768x1087.jpg 768w, http:\/\/sinpro-al.com.br\/v2\/wp-content\/uploads\/2018\/02\/banner-penedo-723x1024.jpg 723w, http:\/\/sinpro-al.com.br\/v2\/wp-content\/uploads\/2018\/02\/banner-penedo.jpg 904w\" sizes=\"auto, (max-width: 212px) 100vw, 212px\" \/><\/a><p id=\"caption-attachment-5116\" class=\"wp-caption-text\">Clique para ampliar a imagem<\/p><\/div>\n<p>O Sindicato dos Professores de Alagoas (Sinpro\/AL) ir\u00e1 promover em parceria com o Sindicato dos Servidores P\u00fablicos\u00a0Municipais de\u00a0Penedo\u00a0(Sindspem) um semin\u00e1rio com seguinte tem\u00e1tica, Educa\u00e7\u00e3o: um desafio para educadores.<\/p>\n<p>O evento acontecer\u00e1 no s\u00e1bado, 10\/3, no audit\u00f3rio do Sindspem, que fica localizado na Pra\u00e7a dos Artistas, no Centro do munic\u00edpio de Penedo. As atividades ser\u00e3o iniciadas \u00e0s 8h.<\/p>\n<p>A entrada \u00e9 franca e os presentes receber\u00e3o certificado de 8h.<\/p>\n<p>Confira os palestrantes e seus respectivos temas:<\/p>\n<ul>\n<li><strong>MERCANTILIZA\u00c7\u00c3O DA EDUCA\u00c7\u00c3O<\/strong>\u00a0\/ Eduardo Vasconcelos \u2013 Presidente do Sindicato dos Professores de Alagoas (Sinpro\/AL)<\/li>\n<li><strong>ATUAL CONJUNTURA NACIONAL E O REFLEXO PARA EDUCA\u00c7\u00c3O BRASILEIRA: O ESTADO, OS PROFESSORES E A FAM\u00cdLIA<\/strong>\u00a0\/ Jairo Campos \u2013 Reitor da Uneal<\/li>\n<li><strong>PROFISS\u00c3O DOCENTE EM ALAGOAS: DESAFIOS E POSSIBILIDADES\u00a0<\/strong>\/ Val\u00e9ria Campos Cavalcante \u2013 Doutora em Educa\u00e7\u00e3o<\/li>\n<li><strong>MARKETING PESSOAL PARA PROFISSIONAIS DE EDUCA\u00c7\u00c3O NO S\u00c9CULO XXI<\/strong>\u00a0\/ Albery Ferreira Lima \u2013 Psic\u00f3logo (CRP 15\/427)<\/li>\n<li><strong>FAM\u00cdLIA: UM COMPROMETIMENTO DI\u00c1RIO<\/strong>\u00a0\/ Wcleuton Oliveira Silva \u2013 Mestre em Nutri\u00e7\u00e3o Humana<\/li>\n<li><strong>APAGAR O PROFESSOR \u00c9 APAGAR O FUTURO<\/strong>\u00a0\/ Jos\u00e9 Nivaldo Mota \u2013 Diretor da Confedera\u00e7\u00e3o Nacional dos Trabalhadores em Estabelecimentos de Ensino (Contee)<\/li>\n<\/ul>\n","protected":false},"excerpt":{"rendered":"<p>O Sindicato dos Professores de Alagoas (Sinpro\/AL) ir\u00e1 promover em parceria com o Sindicato dos Servidores P\u00fablicos\u00a0Municipais de\u00a0Penedo\u00a0(Sindspem) um semin\u00e1rio com seguinte tem\u00e1tica, Educa\u00e7\u00e3o: um desafio para educadores. O evento acontecer\u00e1 no s\u00e1bado, 10\/3, no audit\u00f3rio do Sindspem, que fica localizado na Pra\u00e7a dos Artistas, no Centro do munic\u00edpio de Penedo. As atividades ser\u00e3o iniciadas [&hellip;]<\/p>\n","protected":false},"author":4,"featured_media":5116,"comment_status":"open","ping_status":"open","sticky":false,"template":"","format":"standard","meta":{"footnotes":""},"categories":[4],"tags":[],"class_list":["post-5152","post","type-post","status-publish","format-standard","has-post-thumbnail","hentry","category-noticias-sinpro-al"],"_links":{"self":[{"href":"http:\/\/sinpro-al.com.br\/v2\/index.php?rest_route=\/wp\/v2\/posts\/5152","targetHints":{"allow":["GET"]}}],"collection":[{"href":"http:\/\/sinpro-al.com.br\/v2\/index.php?rest_route=\/wp\/v2\/posts"}],"about":[{"href":"http:\/\/sinpro-al.com.br\/v2\/index.php?rest_route=\/wp\/v2\/types\/post"}],"author":[{"embeddable":true,"href":"http:\/\/sinpro-al.com.br\/v2\/index.php?rest_route=\/wp\/v2\/users\/4"}],"replies":[{"embeddable":true,"href":"http:\/\/sinpro-al.com.br\/v2\/index.php?rest_route=%2Fwp%2Fv2%2Fcomments&post=5152"}],"version-history":[{"count":1,"href":"http:\/\/sinpro-al.com.br\/v2\/index.php?rest_route=\/wp\/v2\/posts\/5152\/revisions"}],"predecessor-version":[{"id":5153,"href":"http:\/\/sinpro-al.com.br\/v2\/index.php?rest_route=\/wp\/v2\/posts\/5152\/revisions\/5153"}],"wp:featuredmedia":[{"embeddable":true,"href":"http:\/\/sinpro-al.com.br\/v2\/index.php?rest_route=\/wp\/v2\/media\/5116"}],"wp:attachment":[{"href":"http:\/\/sinpro-al.com.br\/v2\/index.php?rest_route=%2Fwp%2Fv2%2Fmedia&parent=5152"}],"wp:term":[{"taxonomy":"category","embeddable":true,"href":"http:\/\/sinpro-al.com.br\/v2\/index.php?rest_route=%2Fwp%2Fv2%2Fcategories&post=5152"},{"taxonomy":"post_tag","embeddable":true,"href":"http:\/\/sinpro-al.com.br\/v2\/index.php?rest_route=%2Fwp%2Fv2%2Ftags&post=5152"}],"curies":[{"name":"wp","href":"https:\/\/api.w.org\/{rel}","templated":true}]}}