{"id":515,"date":"2014-11-10T13:09:11","date_gmt":"2014-11-10T16:09:11","guid":{"rendered":"http:\/\/sinpro-al.com.br\/v2\/?p=515"},"modified":"2014-11-10T13:09:11","modified_gmt":"2014-11-10T16:09:11","slug":"representante-do-sinpro-al-participa-da-conae-2014","status":"publish","type":"post","link":"http:\/\/sinpro-al.com.br\/v2\/?p=515","title":{"rendered":"Representante do Sinpro-Al participa da CONAE 2014"},"content":{"rendered":"<p><a href=\"http:\/\/sinpro-al.com.br\/v2\/wp-content\/uploads\/2014\/11\/270920131225_1.jpg\"><img loading=\"lazy\" decoding=\"async\" class=\"alignleft  wp-image-516\" src=\"http:\/\/sinpro-al.com.br\/v2\/wp-content\/uploads\/2014\/11\/270920131225_1.jpg\" alt=\"270920131225_1\" width=\"221\" height=\"157\" srcset=\"http:\/\/sinpro-al.com.br\/v2\/wp-content\/uploads\/2014\/11\/270920131225_1.jpg 698w, http:\/\/sinpro-al.com.br\/v2\/wp-content\/uploads\/2014\/11\/270920131225_1-300x213.jpg 300w\" sizes=\"auto, (max-width: 221px) 100vw, 221px\" \/><\/a>O professor Lucas Soares participa durante os dia 19 e 23 de novembro da Confer\u00eancia Nacional da Educa\u00e7\u00e3o (CONAE) que acontece este ano em Bras\u00edlia com o tema &#8220;O Plano Nacional de Educa\u00e7\u00e3o (PNE) na Articula\u00e7\u00e3o do Sistema Nacional de Educa\u00e7\u00e3o : Participa\u00e7\u00e3o Popular, coopera\u00e7\u00e3o federativa e regime de participa\u00e7\u00e3o&#8221;.<\/p>\n<p>Lucas foi escolhido durante a etapa estadual que ocorreu em agosto do ano passado. Nacionalmente, ele ir\u00e1 participar das discuss\u00f5es relacionadas a grandes temas como\u00a0\u00a0&#8220;Educa\u00e7\u00e3o, Participa\u00e7\u00e3o Social e Novas M\u00eddias e &#8220;Novas Fontes de financiamento da educa\u00e7\u00e3o-royalties da explora\u00e7\u00e3o de recursos minerais; contribui\u00e7\u00f5es sobre a movimenta\u00e7\u00e3o financeira; imposto sobre grandes fortunas e outros&#8221;.<\/p>\n<p>A Confer\u00eancia Nacional de Educa\u00e7\u00e3o (CONAE) \u00e9 um espa\u00e7o democr\u00e1tico aberto pelo Poder P\u00fablico e articulado com a sociedade para que todos possam participar do desenvolvimento da Educa\u00e7\u00e3o Nacional.<\/p>\n<p>As confer\u00eancias nacionais de educa\u00e7\u00e3o s\u00e3o coordenadas pelo F\u00f3rum Nacional de Educa\u00e7\u00e3o (FNE) e precedida por etapas preparat\u00f3rias, compreendidas em confer\u00eancias livres e confer\u00eancias ordin\u00e1rias municipais e\/ou intermunicipais, estaduais e do Distrito Federal, sendo todas estas atividades realizadas at\u00e9 o final de 2013. O objetivo \u00e9 garantir a participa\u00e7\u00e3o da sociedade nas discuss\u00f5es pertinentes \u00e0 melhoria da educa\u00e7\u00e3o nacional. Nesses eventos, portanto, os espa\u00e7os de discuss\u00e3o s\u00e3o abertos \u00e0 colabora\u00e7\u00e3o de todos \u2014 profissionais da educa\u00e7\u00e3o, gestores educacionais, estudantes, pais, entidades sindicais, cient\u00edficas, movimentos sociais e conselhos de educa\u00e7\u00e3o, entre outros.<\/p>\n<p>&nbsp;<\/p>\n<p>&nbsp;<\/p>\n","protected":false},"excerpt":{"rendered":"<p>O professor Lucas Soares participa durante os dia 19 e 23 de novembro da Confer\u00eancia Nacional da Educa\u00e7\u00e3o (CONAE) que acontece este ano em Bras\u00edlia com o tema &#8220;O Plano Nacional de Educa\u00e7\u00e3o (PNE) na Articula\u00e7\u00e3o do Sistema Nacional de Educa\u00e7\u00e3o : Participa\u00e7\u00e3o Popular, coopera\u00e7\u00e3o federativa e regime de participa\u00e7\u00e3o&#8221;. Lucas foi escolhido durante a [&hellip;]<\/p>\n","protected":false},"author":4,"featured_media":0,"comment_status":"open","ping_status":"open","sticky":false,"template":"","format":"standard","meta":{"footnotes":""},"categories":[1],"tags":[],"class_list":["post-515","post","type-post","status-publish","format-standard","hentry","category-sem-categoria"],"_links":{"self":[{"href":"http:\/\/sinpro-al.com.br\/v2\/index.php?rest_route=\/wp\/v2\/posts\/515","targetHints":{"allow":["GET"]}}],"collection":[{"href":"http:\/\/sinpro-al.com.br\/v2\/index.php?rest_route=\/wp\/v2\/posts"}],"about":[{"href":"http:\/\/sinpro-al.com.br\/v2\/index.php?rest_route=\/wp\/v2\/types\/post"}],"author":[{"embeddable":true,"href":"http:\/\/sinpro-al.com.br\/v2\/index.php?rest_route=\/wp\/v2\/users\/4"}],"replies":[{"embeddable":true,"href":"http:\/\/sinpro-al.com.br\/v2\/index.php?rest_route=%2Fwp%2Fv2%2Fcomments&post=515"}],"version-history":[{"count":1,"href":"http:\/\/sinpro-al.com.br\/v2\/index.php?rest_route=\/wp\/v2\/posts\/515\/revisions"}],"predecessor-version":[{"id":517,"href":"http:\/\/sinpro-al.com.br\/v2\/index.php?rest_route=\/wp\/v2\/posts\/515\/revisions\/517"}],"wp:attachment":[{"href":"http:\/\/sinpro-al.com.br\/v2\/index.php?rest_route=%2Fwp%2Fv2%2Fmedia&parent=515"}],"wp:term":[{"taxonomy":"category","embeddable":true,"href":"http:\/\/sinpro-al.com.br\/v2\/index.php?rest_route=%2Fwp%2Fv2%2Fcategories&post=515"},{"taxonomy":"post_tag","embeddable":true,"href":"http:\/\/sinpro-al.com.br\/v2\/index.php?rest_route=%2Fwp%2Fv2%2Ftags&post=515"}],"curies":[{"name":"wp","href":"https:\/\/api.w.org\/{rel}","templated":true}]}}