{"id":5047,"date":"2018-01-22T10:38:18","date_gmt":"2018-01-22T13:38:18","guid":{"rendered":"http:\/\/sinpro-al.com.br\/v2\/?p=5047"},"modified":"2018-01-22T10:38:18","modified_gmt":"2018-01-22T13:38:18","slug":"sinproal-realiza-ato-da-campanha-apagar-o-professor-e-apagar-o-futuro-em-rio-largo","status":"publish","type":"post","link":"http:\/\/sinpro-al.com.br\/v2\/?p=5047","title":{"rendered":"Sinpro\/AL realiza ato da campanha \u201cApagar o Professor \u00e9 Apagar o Futuro\u201d em Rio Largo"},"content":{"rendered":"<div class=\"\" data-block=\"true\" data-editor=\"4o7nh\" data-offset-key=\"bci2m-0-0\"><\/div>\n<div class=\"\" data-block=\"true\" data-editor=\"4o7nh\" data-offset-key=\"al3ks-0-0\">\n<div class=\"_1mf _1mj\" data-offset-key=\"al3ks-0-0\"><a href=\"http:\/\/sinpro-al.com.br\/v2\/wp-content\/uploads\/2018\/01\/rio-largo-campanha.jpg\"><img loading=\"lazy\" decoding=\"async\" class=\"alignleft size-medium wp-image-5048\" src=\"http:\/\/sinpro-al.com.br\/v2\/wp-content\/uploads\/2018\/01\/rio-largo-campanha-300x248.jpg\" alt=\"\" width=\"300\" height=\"248\" srcset=\"http:\/\/sinpro-al.com.br\/v2\/wp-content\/uploads\/2018\/01\/rio-largo-campanha-300x248.jpg 300w, http:\/\/sinpro-al.com.br\/v2\/wp-content\/uploads\/2018\/01\/rio-largo-campanha-768x636.jpg 768w, http:\/\/sinpro-al.com.br\/v2\/wp-content\/uploads\/2018\/01\/rio-largo-campanha-1024x848.jpg 1024w, http:\/\/sinpro-al.com.br\/v2\/wp-content\/uploads\/2018\/01\/rio-largo-campanha.jpg 1464w\" sizes=\"auto, (max-width: 300px) 100vw, 300px\" \/><\/a>A diretoria do Sindicato dos Professores de Alagoas (Sinpro\/AL) e colabores estiveram no munic\u00edpio de Rio Largo realiza mais uma panfletagem da campanha nacional idealizada pela Contee, \u201cApagar o Professor \u00e9 Apagar o Futuro\u201d, para informar a popula\u00e7\u00e3o sobre os riscos que as reformas propostas pelo Governo Federal trazem para v\u00e1rias \u00e1reas, principalmente educa\u00e7\u00e3o, com a desconstru\u00e7\u00e3o da doc\u00eancia.<\/div>\n<\/div>\n<div class=\"\" data-block=\"true\" data-editor=\"4o7nh\" data-offset-key=\"d8n6b-0-0\">\n<div class=\"_1mf _1mj\" data-offset-key=\"d8n6b-0-0\"><span data-offset-key=\"d8n6b-0-0\">\u00a0<\/span><\/div>\n<\/div>\n<div class=\"\" data-block=\"true\" data-editor=\"4o7nh\" data-offset-key=\"92mfg-0-0\">\n<div class=\"_1mf _1mj\" data-offset-key=\"92mfg-0-0\"><span data-offset-key=\"92mfg-0-0\">O ato \u00e9 a continuidade de v\u00e1rias panfletagens idealizadas pelo Sinpro\/AL contra as reformas do governo Temer. Essa a\u00e7\u00e3o \u00e9 de enfrentamento e resist\u00eancia contra a perda de direitos sociais que os projetos est\u00e3o propondo. A entidade classista vem desenvolvendo a campanha \u201cApagar o Professor \u00e9 Apagar o Futuro\u201d em dezenas de cidades. <\/span><\/div>\n<\/div>\n<div class=\"\" data-block=\"true\" data-editor=\"4o7nh\" data-offset-key=\"27k6a-0-0\">\n<div class=\"_1mf _1mj\" data-offset-key=\"27k6a-0-0\"><span data-offset-key=\"27k6a-0-0\">\u00a0<\/span><\/div>\n<\/div>\n<div class=\"\" data-block=\"true\" data-editor=\"4o7nh\" data-offset-key=\"e6mm2-0-0\">\n<div class=\"_1mf _1mj\" data-offset-key=\"e6mm2-0-0\"><span data-offset-key=\"e6mm2-0-0\">\u201c\u00c9 importante a unidade do movimento sindical, pois mostra que o conjunto da organiza\u00e7\u00e3o da classe trabalhadora n\u00e3o concorda com a tramita\u00e7\u00e3o de um conjunto de projetos constru\u00eddo unilateralmente para beneficiar o setor patronal\u201d, destacou o presidente do Sinpro\/AL, Eduardo Vasconcelos. <\/span><\/div>\n<\/div>\n<div class=\"\" data-block=\"true\" data-editor=\"4o7nh\" data-offset-key=\"fl20j-0-0\">\n<div class=\"_1mf _1mj\" data-offset-key=\"fl20j-0-0\"><span data-offset-key=\"fl20j-0-0\">\u00a0<\/span><\/div>\n<\/div>\n<div class=\"\" data-block=\"true\" data-editor=\"4o7nh\" data-offset-key=\"4v1kg-0-0\">\n<div class=\"_1mf _1mj\" data-offset-key=\"4v1kg-0-0\"><span data-offset-key=\"4v1kg-0-0\">Sobre a falta de di\u00e1logo do Governo com a classe trabalhadora, Vasconcelos colocou: \u201cEm nenhum momento a sociedade participou da reda\u00e7\u00e3o dessas propostas, fomos ouvidos, mas nenhuma proposta foi aceita porque existe uma pressa fora do normal para aprovar esses projetos que s\u00e3o t\u00e3o danosos para a popula\u00e7\u00e3o\u201d. <\/span><\/div>\n<\/div>\n<div class=\"\" data-block=\"true\" data-editor=\"4o7nh\" data-offset-key=\"b386g-0-0\">\n<div class=\"_1mf _1mj\" data-offset-key=\"b386g-0-0\"><span data-offset-key=\"b386g-0-0\">\u00a0<\/span><\/div>\n<\/div>\n<div class=\"\" data-block=\"true\" data-editor=\"4o7nh\" data-offset-key=\"a6jok-0-0\">\n<div class=\"_1mf _1mj\" data-offset-key=\"a6jok-0-0\"><span data-offset-key=\"a6jok-0-0\">Somos professores com orgulho e exigimos respeito!<\/span><\/div>\n<\/div>\n<div class=\"\" data-block=\"true\" data-editor=\"4o7nh\" data-offset-key=\"ecagi-0-0\">\n<div class=\"_1mf _1mj\" data-offset-key=\"ecagi-0-0\"><span data-offset-key=\"ecagi-0-0\">\u00a0<\/span><\/div>\n<\/div>\n<div class=\"\" data-block=\"true\" data-editor=\"4o7nh\" data-offset-key=\"2hm3e-0-0\"><\/div>\n","protected":false},"excerpt":{"rendered":"<p>A diretoria do Sindicato dos Professores de Alagoas (Sinpro\/AL) e colabores estiveram no munic\u00edpio de Rio Largo realiza mais uma panfletagem da campanha nacional idealizada pela Contee, \u201cApagar o Professor \u00e9 Apagar o Futuro\u201d, para informar a popula\u00e7\u00e3o sobre os riscos que as reformas propostas pelo Governo Federal trazem para v\u00e1rias \u00e1reas, principalmente educa\u00e7\u00e3o, com [&hellip;]<\/p>\n","protected":false},"author":4,"featured_media":5048,"comment_status":"open","ping_status":"open","sticky":false,"template":"","format":"standard","meta":{"footnotes":""},"categories":[4],"tags":[],"class_list":["post-5047","post","type-post","status-publish","format-standard","has-post-thumbnail","hentry","category-noticias-sinpro-al"],"_links":{"self":[{"href":"http:\/\/sinpro-al.com.br\/v2\/index.php?rest_route=\/wp\/v2\/posts\/5047","targetHints":{"allow":["GET"]}}],"collection":[{"href":"http:\/\/sinpro-al.com.br\/v2\/index.php?rest_route=\/wp\/v2\/posts"}],"about":[{"href":"http:\/\/sinpro-al.com.br\/v2\/index.php?rest_route=\/wp\/v2\/types\/post"}],"author":[{"embeddable":true,"href":"http:\/\/sinpro-al.com.br\/v2\/index.php?rest_route=\/wp\/v2\/users\/4"}],"replies":[{"embeddable":true,"href":"http:\/\/sinpro-al.com.br\/v2\/index.php?rest_route=%2Fwp%2Fv2%2Fcomments&post=5047"}],"version-history":[{"count":1,"href":"http:\/\/sinpro-al.com.br\/v2\/index.php?rest_route=\/wp\/v2\/posts\/5047\/revisions"}],"predecessor-version":[{"id":5049,"href":"http:\/\/sinpro-al.com.br\/v2\/index.php?rest_route=\/wp\/v2\/posts\/5047\/revisions\/5049"}],"wp:featuredmedia":[{"embeddable":true,"href":"http:\/\/sinpro-al.com.br\/v2\/index.php?rest_route=\/wp\/v2\/media\/5048"}],"wp:attachment":[{"href":"http:\/\/sinpro-al.com.br\/v2\/index.php?rest_route=%2Fwp%2Fv2%2Fmedia&parent=5047"}],"wp:term":[{"taxonomy":"category","embeddable":true,"href":"http:\/\/sinpro-al.com.br\/v2\/index.php?rest_route=%2Fwp%2Fv2%2Fcategories&post=5047"},{"taxonomy":"post_tag","embeddable":true,"href":"http:\/\/sinpro-al.com.br\/v2\/index.php?rest_route=%2Fwp%2Fv2%2Ftags&post=5047"}],"curies":[{"name":"wp","href":"https:\/\/api.w.org\/{rel}","templated":true}]}}