{"id":5038,"date":"2018-01-18T13:19:30","date_gmt":"2018-01-18T16:19:30","guid":{"rendered":"http:\/\/sinpro-al.com.br\/v2\/?p=5038"},"modified":"2018-01-18T13:20:47","modified_gmt":"2018-01-18T16:20:47","slug":"contribuicao-sindical-continua-obrigatoria-segundo-justica","status":"publish","type":"post","link":"http:\/\/sinpro-al.com.br\/v2\/?p=5038","title":{"rendered":"Contribui\u00e7\u00e3o Sindical continua obrigat\u00f3ria, segundo Justi\u00e7a"},"content":{"rendered":"<p class=\"gmail-p1\"><a href=\"http:\/\/sinpro-al.com.br\/v2\/wp-content\/uploads\/2018\/01\/contribui\u00e7\u00e3o.png\"><img loading=\"lazy\" decoding=\"async\" class=\"alignleft size-medium wp-image-5039\" src=\"http:\/\/sinpro-al.com.br\/v2\/wp-content\/uploads\/2018\/01\/contribui\u00e7\u00e3o-300x261.png\" alt=\"\" width=\"300\" height=\"261\" srcset=\"http:\/\/sinpro-al.com.br\/v2\/wp-content\/uploads\/2018\/01\/contribui\u00e7\u00e3o-300x261.png 300w, http:\/\/sinpro-al.com.br\/v2\/wp-content\/uploads\/2018\/01\/contribui\u00e7\u00e3o.png 618w\" sizes=\"auto, (max-width: 300px) 100vw, 300px\" \/><\/a>A Lei n\u00ba 13.467\/2017, conhecida como Lei da Reforma Trabalhista, alterou a reda\u00e7\u00e3o de alguns\u00a0artigos da CLT os quais tratam da contribui\u00e7\u00e3o sindical. Com a nova reda\u00e7\u00e3o dada a\u00a0 esses artigos, a princ\u00edpio, a contribui\u00e7\u00e3o sindical passou a ser facultativa.<\/p>\n<p class=\"gmail-p3\">Ocorre que, recentemente, foram proferidas duas decis\u00f5es pela Justi\u00e7a do Trabalho de Santa Catarina nas quais prevaleceu o entendimento\u00a0da manuten\u00e7\u00e3o da obrigatoriedade da contribui\u00e7\u00e3o sindical.<\/p>\n<p class=\"gmail-p1\">A tese adotada pela Justi\u00e7a do Trabalho de Santa Catarina\u00a0\u00e9\u00a0de que a contribui\u00e7\u00e3o sindical possui natureza jur\u00eddica de tributo, consequentemente, aplica-se\u00a0o disposto nos artigos 146 e 149 da Constitui\u00e7\u00e3o Federal.<\/p>\n<p class=\"gmail-p1\">O\u00a0inciso III do artigo 146 determina que cabe a lei complementar estabelecer normas gerais em mat\u00e9ria de legisla\u00e7\u00e3o tribut\u00e1ria.\u00a0Sendo assim, \u201c<i>qualquer altera\u00e7\u00e3o que fosse feita no instituto da contribui\u00e7\u00e3o\u00a0sindical deveria ter sido feita por Lei Complementar e n\u00e3o por Lei Ordin\u00e1ria<\/i>\u201d, ou seja, \u201c<i>existe v\u00edcio constitucional formal, de origem, impondo-se a declara\u00e7\u00e3o da inconstitucionalidade de todas as altera\u00e7\u00f5es promovidas pela Lei Ordin\u00e1ria\u00a0n\u00ba 13.467\/2017\u00a0no instituto da contribui\u00e7\u00e3o sindical<\/i>\u201d.<i><br \/>\n<\/i><\/p>\n<p class=\"gmail-p1\">Al\u00e9m das decis\u00f5es da\u00a0Justi\u00e7a do Trabalho de Santa Catarina, est\u00e3o tramitando 5 a\u00e7\u00f5es diretas de inconstitucionalidade (ADI) \u00a0no Supremo Tribunal Federal (STF)\u00a0questionando\u00a0a constitucionalidade das altera\u00e7\u00f5es promovidas nos artigos da CLT que tratam da contribui\u00e7\u00e3o sindical. A tese utilizada nestas a\u00e7\u00f5es no STF\u00a0\u00e9\u00a0a mesma adotada pela Justi\u00e7a do Trabalho de Santa Catarina.<\/p>\n<p class=\"gmail-p1\">O\u00a0retorno da obrigatoriedade da contribui\u00e7\u00e3o sindical tamb\u00e9m est\u00e1 sendo discutido na Medida Provis\u00f3ria n\u00ba 808, atrav\u00e9s de\u00a0 967 emendas apresentadas por parlamentares e, dentre estas, v\u00e1rias preveem o retorno ao texto antigo da CLT, ou seja, o retorno da contribui\u00e7\u00e3o sindical obrigat\u00f3ria. Esta MP altera alguns pontos da Reforma Trabalhista.<\/p>\n<p class=\"gmail-p1\">Al\u00e9m disso, foram apresentadas outras emendas\u00a0\u00e0 MP\u00a0que preveem a regulamenta\u00e7\u00e3o da chamada \u201ccontribui\u00e7\u00e3o negocial\u201d, prevista no\u00a0artigo 7\u00ba da Lei n\u00ba 11.648\/2008.<\/p>\n<p class=\"Corpo\">O que se verifica\u00a0\u00e9\u00a0que tanto o judici\u00e1rio quanto o legislativo est\u00e3o discutindo a manuten\u00e7\u00e3o ou retorno da obrigatoriedade do pagamento da contribui\u00e7\u00e3o sindical e que, portanto,\u00a0\u00e9\u00a0cedo para se afirmar, categoricamente, que a contribui\u00e7\u00e3o sindical passou a ser facultativa, <em><strong>\u00a0e um eventual retorno\u00a0\u00e0\u00a0obrigatoriedade poder\u00e1 gerar um passivo para as empresas, incluindo juros e multas.<\/strong><\/em><\/p>\n<p>Por: <strong>Luiza Paula Gomes, advogada do TI Rio<\/strong><\/p>\n","protected":false},"excerpt":{"rendered":"<p>A Lei n\u00ba 13.467\/2017, conhecida como Lei da Reforma Trabalhista, alterou a reda\u00e7\u00e3o de alguns\u00a0artigos da CLT os quais tratam da contribui\u00e7\u00e3o sindical. Com a nova reda\u00e7\u00e3o dada a\u00a0 esses artigos, a princ\u00edpio, a contribui\u00e7\u00e3o sindical passou a ser facultativa. Ocorre que, recentemente, foram proferidas duas decis\u00f5es pela Justi\u00e7a do Trabalho de Santa Catarina nas [&hellip;]<\/p>\n","protected":false},"author":4,"featured_media":5039,"comment_status":"open","ping_status":"open","sticky":false,"template":"","format":"standard","meta":{"footnotes":""},"categories":[4],"tags":[],"class_list":["post-5038","post","type-post","status-publish","format-standard","has-post-thumbnail","hentry","category-noticias-sinpro-al"],"_links":{"self":[{"href":"http:\/\/sinpro-al.com.br\/v2\/index.php?rest_route=\/wp\/v2\/posts\/5038","targetHints":{"allow":["GET"]}}],"collection":[{"href":"http:\/\/sinpro-al.com.br\/v2\/index.php?rest_route=\/wp\/v2\/posts"}],"about":[{"href":"http:\/\/sinpro-al.com.br\/v2\/index.php?rest_route=\/wp\/v2\/types\/post"}],"author":[{"embeddable":true,"href":"http:\/\/sinpro-al.com.br\/v2\/index.php?rest_route=\/wp\/v2\/users\/4"}],"replies":[{"embeddable":true,"href":"http:\/\/sinpro-al.com.br\/v2\/index.php?rest_route=%2Fwp%2Fv2%2Fcomments&post=5038"}],"version-history":[{"count":1,"href":"http:\/\/sinpro-al.com.br\/v2\/index.php?rest_route=\/wp\/v2\/posts\/5038\/revisions"}],"predecessor-version":[{"id":5040,"href":"http:\/\/sinpro-al.com.br\/v2\/index.php?rest_route=\/wp\/v2\/posts\/5038\/revisions\/5040"}],"wp:featuredmedia":[{"embeddable":true,"href":"http:\/\/sinpro-al.com.br\/v2\/index.php?rest_route=\/wp\/v2\/media\/5039"}],"wp:attachment":[{"href":"http:\/\/sinpro-al.com.br\/v2\/index.php?rest_route=%2Fwp%2Fv2%2Fmedia&parent=5038"}],"wp:term":[{"taxonomy":"category","embeddable":true,"href":"http:\/\/sinpro-al.com.br\/v2\/index.php?rest_route=%2Fwp%2Fv2%2Fcategories&post=5038"},{"taxonomy":"post_tag","embeddable":true,"href":"http:\/\/sinpro-al.com.br\/v2\/index.php?rest_route=%2Fwp%2Fv2%2Ftags&post=5038"}],"curies":[{"name":"wp","href":"https:\/\/api.w.org\/{rel}","templated":true}]}}