{"id":5029,"date":"2018-01-17T12:38:46","date_gmt":"2018-01-17T15:38:46","guid":{"rendered":"http:\/\/sinpro-al.com.br\/v2\/?p=5029"},"modified":"2018-01-17T12:39:25","modified_gmt":"2018-01-17T15:39:25","slug":"sinpro-solidario-professora-necessita-de-ajuda-para-tratamento-de-saude","status":"publish","type":"post","link":"http:\/\/sinpro-al.com.br\/v2\/?p=5029","title":{"rendered":"Sinpro Solid\u00e1rio: professora necessita de ajuda para tratamento de sa\u00fade"},"content":{"rendered":"<p><a href=\"http:\/\/sinpro-al.com.br\/v2\/wp-content\/uploads\/2018\/01\/sinpro-solidario.jpg\"><img loading=\"lazy\" decoding=\"async\" class=\"alignleft size-medium wp-image-5030\" src=\"http:\/\/sinpro-al.com.br\/v2\/wp-content\/uploads\/2018\/01\/sinpro-solidario-259x300.jpg\" alt=\"\" width=\"259\" height=\"300\" srcset=\"http:\/\/sinpro-al.com.br\/v2\/wp-content\/uploads\/2018\/01\/sinpro-solidario-259x300.jpg 259w, http:\/\/sinpro-al.com.br\/v2\/wp-content\/uploads\/2018\/01\/sinpro-solidario-768x888.jpg 768w, http:\/\/sinpro-al.com.br\/v2\/wp-content\/uploads\/2018\/01\/sinpro-solidario.jpg 820w\" sizes=\"auto, (max-width: 259px) 100vw, 259px\" \/><\/a>A professora Luzinete Vicente conta com a solidariedade dos colegas e da sociedade para arrecadar fundos para seu tratamento de sa\u00fade contra o c\u00e2ncer.<\/p>\n<p>Luzinete teve atua\u00e7\u00e3o destacada como profissional da educa\u00e7\u00e3o no munic\u00edpio de Murici.<\/p>\n<p>Desde j\u00e1 o Sindicato dos Professores de Alagoas (Sinpro\/AL) agradece todas as pessoas que puderem colaborar com esse ato de solidariedade.<\/p>\n<p><strong>As doa\u00e7\u00f5es podem ser realizadas atrav\u00e9s da seguinte conta da Caixa Econ\u00f4mica:<\/strong><\/p>\n<p>Ag\u00eancia: 3549<\/p>\n<p>Conta: 1573-9<\/p>\n<p>Opera\u00e7\u00e3o: 013<\/p>\n<p>Titular: Luzinete Vicente da Silva<\/p>\n","protected":false},"excerpt":{"rendered":"<p>A professora Luzinete Vicente conta com a solidariedade dos colegas e da sociedade para arrecadar fundos para seu tratamento de sa\u00fade contra o c\u00e2ncer. Luzinete teve atua\u00e7\u00e3o destacada como profissional da educa\u00e7\u00e3o no munic\u00edpio de Murici. Desde j\u00e1 o Sindicato dos Professores de Alagoas (Sinpro\/AL) agradece todas as pessoas que puderem colaborar com esse ato [&hellip;]<\/p>\n","protected":false},"author":4,"featured_media":5030,"comment_status":"open","ping_status":"open","sticky":false,"template":"","format":"standard","meta":{"footnotes":""},"categories":[4],"tags":[],"class_list":["post-5029","post","type-post","status-publish","format-standard","has-post-thumbnail","hentry","category-noticias-sinpro-al"],"_links":{"self":[{"href":"http:\/\/sinpro-al.com.br\/v2\/index.php?rest_route=\/wp\/v2\/posts\/5029","targetHints":{"allow":["GET"]}}],"collection":[{"href":"http:\/\/sinpro-al.com.br\/v2\/index.php?rest_route=\/wp\/v2\/posts"}],"about":[{"href":"http:\/\/sinpro-al.com.br\/v2\/index.php?rest_route=\/wp\/v2\/types\/post"}],"author":[{"embeddable":true,"href":"http:\/\/sinpro-al.com.br\/v2\/index.php?rest_route=\/wp\/v2\/users\/4"}],"replies":[{"embeddable":true,"href":"http:\/\/sinpro-al.com.br\/v2\/index.php?rest_route=%2Fwp%2Fv2%2Fcomments&post=5029"}],"version-history":[{"count":1,"href":"http:\/\/sinpro-al.com.br\/v2\/index.php?rest_route=\/wp\/v2\/posts\/5029\/revisions"}],"predecessor-version":[{"id":5031,"href":"http:\/\/sinpro-al.com.br\/v2\/index.php?rest_route=\/wp\/v2\/posts\/5029\/revisions\/5031"}],"wp:featuredmedia":[{"embeddable":true,"href":"http:\/\/sinpro-al.com.br\/v2\/index.php?rest_route=\/wp\/v2\/media\/5030"}],"wp:attachment":[{"href":"http:\/\/sinpro-al.com.br\/v2\/index.php?rest_route=%2Fwp%2Fv2%2Fmedia&parent=5029"}],"wp:term":[{"taxonomy":"category","embeddable":true,"href":"http:\/\/sinpro-al.com.br\/v2\/index.php?rest_route=%2Fwp%2Fv2%2Fcategories&post=5029"},{"taxonomy":"post_tag","embeddable":true,"href":"http:\/\/sinpro-al.com.br\/v2\/index.php?rest_route=%2Fwp%2Fv2%2Ftags&post=5029"}],"curies":[{"name":"wp","href":"https:\/\/api.w.org\/{rel}","templated":true}]}}