{"id":5025,"date":"2018-01-16T21:33:42","date_gmt":"2018-01-17T00:33:42","guid":{"rendered":"http:\/\/sinpro-al.com.br\/v2\/?p=5025"},"modified":"2018-01-16T21:33:42","modified_gmt":"2018-01-17T00:33:42","slug":"presidente-do-sinproal-e-o-entrevistado-nesta-quarta-feira-do-programa-perguntar-nao-ofende","status":"publish","type":"post","link":"http:\/\/sinpro-al.com.br\/v2\/?p=5025","title":{"rendered":"Presidente do Sinpro\/AL \u00e9 o entrevistado nesta quarta-feira do programa &#8220;Perguntar n\u00e3o ofende&#8221;"},"content":{"rendered":"<p>O presidente do Sindicato dos Professores de Alagoas (Sinpro\/AL), Eduardo Vasconcelos, \u00e9 o entrevistado nesta quarta-feira, 17\/1, \u00e0s 22h, do programa Perguntar N\u00e3o Ofende na TV Macei\u00f3, canal 12 da NET.<\/p>\n<p>Durante a entrevista Vasconcelos fala sobre a mercantiliza\u00e7\u00e3o da educa\u00e7\u00e3o privada, o sucateamento da educa\u00e7\u00e3o p\u00fablica, sua atua\u00e7\u00e3o na gest\u00e3o do Sinpro\/AL e muito mais.<\/p>\n<p><b>Veja a chamada do programa:<\/b><\/p>\n<div style=\"width: 640px;\" class=\"wp-video\"><!--[if lt IE 9]><script>document.createElement('video');<\/script><![endif]-->\n<video class=\"wp-video-shortcode\" id=\"video-5025-1\" width=\"640\" height=\"480\" preload=\"metadata\" controls=\"controls\"><source type=\"video\/mp4\" src=\"http:\/\/sinpro-al.com.br\/v2\/wp-content\/uploads\/2018\/01\/VID-20180116-WA0286.mp4?_=1\" \/><a href=\"http:\/\/sinpro-al.com.br\/v2\/wp-content\/uploads\/2018\/01\/VID-20180116-WA0286.mp4\">http:\/\/sinpro-al.com.br\/v2\/wp-content\/uploads\/2018\/01\/VID-20180116-WA0286.mp4<\/a><\/video><\/div>\n<p>&nbsp;<\/p>\n<p>&nbsp;<\/p>\n","protected":false},"excerpt":{"rendered":"<p>O presidente do Sindicato dos Professores de Alagoas (Sinpro\/AL), Eduardo Vasconcelos, \u00e9 o entrevistado nesta quarta-feira, 17\/1, \u00e0s 22h, do programa Perguntar N\u00e3o Ofende na TV Macei\u00f3, canal 12 da NET. Durante a entrevista Vasconcelos fala sobre a mercantiliza\u00e7\u00e3o da educa\u00e7\u00e3o privada, o sucateamento da educa\u00e7\u00e3o p\u00fablica, sua atua\u00e7\u00e3o na gest\u00e3o do Sinpro\/AL e muito [&hellip;]<\/p>\n","protected":false},"author":4,"featured_media":900,"comment_status":"open","ping_status":"open","sticky":false,"template":"","format":"standard","meta":{"footnotes":""},"categories":[4],"tags":[],"class_list":["post-5025","post","type-post","status-publish","format-standard","has-post-thumbnail","hentry","category-noticias-sinpro-al"],"_links":{"self":[{"href":"http:\/\/sinpro-al.com.br\/v2\/index.php?rest_route=\/wp\/v2\/posts\/5025","targetHints":{"allow":["GET"]}}],"collection":[{"href":"http:\/\/sinpro-al.com.br\/v2\/index.php?rest_route=\/wp\/v2\/posts"}],"about":[{"href":"http:\/\/sinpro-al.com.br\/v2\/index.php?rest_route=\/wp\/v2\/types\/post"}],"author":[{"embeddable":true,"href":"http:\/\/sinpro-al.com.br\/v2\/index.php?rest_route=\/wp\/v2\/users\/4"}],"replies":[{"embeddable":true,"href":"http:\/\/sinpro-al.com.br\/v2\/index.php?rest_route=%2Fwp%2Fv2%2Fcomments&post=5025"}],"version-history":[{"count":1,"href":"http:\/\/sinpro-al.com.br\/v2\/index.php?rest_route=\/wp\/v2\/posts\/5025\/revisions"}],"predecessor-version":[{"id":5027,"href":"http:\/\/sinpro-al.com.br\/v2\/index.php?rest_route=\/wp\/v2\/posts\/5025\/revisions\/5027"}],"wp:featuredmedia":[{"embeddable":true,"href":"http:\/\/sinpro-al.com.br\/v2\/index.php?rest_route=\/wp\/v2\/media\/900"}],"wp:attachment":[{"href":"http:\/\/sinpro-al.com.br\/v2\/index.php?rest_route=%2Fwp%2Fv2%2Fmedia&parent=5025"}],"wp:term":[{"taxonomy":"category","embeddable":true,"href":"http:\/\/sinpro-al.com.br\/v2\/index.php?rest_route=%2Fwp%2Fv2%2Fcategories&post=5025"},{"taxonomy":"post_tag","embeddable":true,"href":"http:\/\/sinpro-al.com.br\/v2\/index.php?rest_route=%2Fwp%2Fv2%2Ftags&post=5025"}],"curies":[{"name":"wp","href":"https:\/\/api.w.org\/{rel}","templated":true}]}}