{"id":5013,"date":"2018-01-10T11:55:33","date_gmt":"2018-01-10T14:55:33","guid":{"rendered":"http:\/\/sinpro-al.com.br\/v2\/?p=5013"},"modified":"2018-01-10T12:03:53","modified_gmt":"2018-01-10T15:03:53","slug":"janeiro-branco-projeto-idealizado-pelo-sinproal-e-apresentado-por-deputado-e-vira-lei","status":"publish","type":"post","link":"http:\/\/sinpro-al.com.br\/v2\/?p=5013","title":{"rendered":"Janeiro Branco: projeto enviado pelo Sinpro\/AL \u00e9 apresentado por deputado e vira Lei"},"content":{"rendered":"<div id=\"attachment_4794\" style=\"width: 310px\" class=\"wp-caption alignleft\"><a href=\"http:\/\/sinpro-al.com.br\/v2\/wp-content\/uploads\/2017\/11\/eduardo-e-ronaldo.jpg\"><img loading=\"lazy\" decoding=\"async\" aria-describedby=\"caption-attachment-4794\" class=\"wp-image-4794 size-medium\" src=\"http:\/\/sinpro-al.com.br\/v2\/wp-content\/uploads\/2017\/11\/eduardo-e-ronaldo-300x169.jpg\" alt=\"\" width=\"300\" height=\"169\" srcset=\"http:\/\/sinpro-al.com.br\/v2\/wp-content\/uploads\/2017\/11\/eduardo-e-ronaldo-300x169.jpg 300w, http:\/\/sinpro-al.com.br\/v2\/wp-content\/uploads\/2017\/11\/eduardo-e-ronaldo-768x432.jpg 768w, http:\/\/sinpro-al.com.br\/v2\/wp-content\/uploads\/2017\/11\/eduardo-e-ronaldo-1024x576.jpg 1024w\" sizes=\"auto, (max-width: 300px) 100vw, 300px\" \/><\/a><p id=\"caption-attachment-4794\" class=\"wp-caption-text\">Eduardo Vasconcelos (E) e Ronaldo Medeiros (D)<\/p><\/div>\n<p>O presidente do Sindicato dos Professores de Alagoas (Sinpro\/AL), Eduardo Vasconcelos, encaminhou ainda em 2017 o Projeto de Lei ao deputado estadual, Ronaldo Medeiros, que dedica o m\u00eas de janeiro para a\u00e7\u00f5es educativas sobre sa\u00fade mental. Assembleia aprovou o PL, e governador Renan Filho sancionou a Lei.<\/p>\n<p>O presidente do Sinpro\/AL, Eduardo Vasconcelos, parabenizou a\u00e7\u00e3o do deputado Ronaldo Medeiros, que valorizou o Projeto \u201cJaneiro Branco\u201d, que tem inspira\u00e7\u00e3o na campanha Outubro Rosa, que visa combater o c\u00e2ncer de mama. Em janeiro de 2013 psic\u00f3logos mineiros idealizaram o \u201cJaneiro Branco\u201d para promover a\u00e7\u00f5es em prol da sa\u00fade mental.<\/p>\n<p>A campanha Janeiro Branco alerta para estat\u00edsticas alarmantes de doen\u00e7as mentais e o alto \u00edndice de suic\u00eddio. A din\u00e2mica do mundo moderno gera muitas inquieta\u00e7\u00f5es e a sociedade tem o h\u00e1bito apenas de fazer o trabalho preventivo e curativo do f\u00edsico, mas tamb\u00e9m \u00e9 necess\u00e1rio se preocupar com a sa\u00fade mental, um dos pontos de equil\u00edbrios do cidad\u00e3o.<\/p>\n<p>Al\u00e9m da iniciativa do \u201cJaneiro Branco\u201d, o Sindicato dos Professores de Alagoas conta com o N\u00facleo de Apoio Psicol\u00f3gico (NAP), que serve para assistir os docentes filiados a entidade classista. Saiba mais: http:\/\/sinpro-al.com.br\/v2\/?p=2803<\/p>\n<p>Somos professores com orgulho e exigimos respeito!<\/p>\n<p>&nbsp;<\/p>\n","protected":false},"excerpt":{"rendered":"<p>O presidente do Sindicato dos Professores de Alagoas (Sinpro\/AL), Eduardo Vasconcelos, encaminhou ainda em 2017 o Projeto de Lei ao deputado estadual, Ronaldo Medeiros, que dedica o m\u00eas de janeiro para a\u00e7\u00f5es educativas sobre sa\u00fade mental. Assembleia aprovou o PL, e governador Renan Filho sancionou a Lei. O presidente do Sinpro\/AL, Eduardo Vasconcelos, parabenizou a\u00e7\u00e3o [&hellip;]<\/p>\n","protected":false},"author":4,"featured_media":4794,"comment_status":"open","ping_status":"open","sticky":false,"template":"","format":"standard","meta":{"footnotes":""},"categories":[4],"tags":[],"class_list":["post-5013","post","type-post","status-publish","format-standard","has-post-thumbnail","hentry","category-noticias-sinpro-al"],"_links":{"self":[{"href":"http:\/\/sinpro-al.com.br\/v2\/index.php?rest_route=\/wp\/v2\/posts\/5013","targetHints":{"allow":["GET"]}}],"collection":[{"href":"http:\/\/sinpro-al.com.br\/v2\/index.php?rest_route=\/wp\/v2\/posts"}],"about":[{"href":"http:\/\/sinpro-al.com.br\/v2\/index.php?rest_route=\/wp\/v2\/types\/post"}],"author":[{"embeddable":true,"href":"http:\/\/sinpro-al.com.br\/v2\/index.php?rest_route=\/wp\/v2\/users\/4"}],"replies":[{"embeddable":true,"href":"http:\/\/sinpro-al.com.br\/v2\/index.php?rest_route=%2Fwp%2Fv2%2Fcomments&post=5013"}],"version-history":[{"count":3,"href":"http:\/\/sinpro-al.com.br\/v2\/index.php?rest_route=\/wp\/v2\/posts\/5013\/revisions"}],"predecessor-version":[{"id":5016,"href":"http:\/\/sinpro-al.com.br\/v2\/index.php?rest_route=\/wp\/v2\/posts\/5013\/revisions\/5016"}],"wp:featuredmedia":[{"embeddable":true,"href":"http:\/\/sinpro-al.com.br\/v2\/index.php?rest_route=\/wp\/v2\/media\/4794"}],"wp:attachment":[{"href":"http:\/\/sinpro-al.com.br\/v2\/index.php?rest_route=%2Fwp%2Fv2%2Fmedia&parent=5013"}],"wp:term":[{"taxonomy":"category","embeddable":true,"href":"http:\/\/sinpro-al.com.br\/v2\/index.php?rest_route=%2Fwp%2Fv2%2Fcategories&post=5013"},{"taxonomy":"post_tag","embeddable":true,"href":"http:\/\/sinpro-al.com.br\/v2\/index.php?rest_route=%2Fwp%2Fv2%2Ftags&post=5013"}],"curies":[{"name":"wp","href":"https:\/\/api.w.org\/{rel}","templated":true}]}}