{"id":4975,"date":"2017-12-26T23:36:54","date_gmt":"2017-12-27T02:36:54","guid":{"rendered":"http:\/\/sinpro-al.com.br\/v2\/?p=4975"},"modified":"2017-12-26T23:44:38","modified_gmt":"2017-12-27T02:44:38","slug":"sinproal-na-luta-justica-determina-retorno-de-30-professores-demitidos-da-estacio","status":"publish","type":"post","link":"http:\/\/sinpro-al.com.br\/v2\/?p=4975","title":{"rendered":"Sinpro\/AL na luta: Justi\u00e7a determina retorno de 30 professores demitidos da Est\u00e1cio"},"content":{"rendered":"<p><a href=\"http:\/\/sinpro-al.com.br\/v2\/wp-content\/uploads\/2016\/07\/respeito-ao-professor.jpg\"><img loading=\"lazy\" decoding=\"async\" class=\"alignleft size-medium wp-image-2773\" src=\"http:\/\/sinpro-al.com.br\/v2\/wp-content\/uploads\/2016\/07\/respeito-ao-professor-300x200.jpg\" alt=\"\" width=\"300\" height=\"200\" srcset=\"http:\/\/sinpro-al.com.br\/v2\/wp-content\/uploads\/2016\/07\/respeito-ao-professor-300x200.jpg 300w, http:\/\/sinpro-al.com.br\/v2\/wp-content\/uploads\/2016\/07\/respeito-ao-professor-768x511.jpg 768w, http:\/\/sinpro-al.com.br\/v2\/wp-content\/uploads\/2016\/07\/respeito-ao-professor.jpg 990w\" sizes=\"auto, (max-width: 300px) 100vw, 300px\" \/><\/a>A Justi\u00e7a do Trabalho determinou, em car\u00e1ter liminar, que 30 professores demitidos da Faculdade Est\u00e1cio de S\u00e1 &#8211; FAL retornem imediatamente ao trabalho, sob pena de multa di\u00e1ria de R$ 10 mil. O grupo faz parte dos 1.200 profissionais desligados da institui\u00e7\u00e3o no Brasil ap\u00f3s a entrada em vigor da reforma trabalhista.<\/p>\n<p>De acordo com a decis\u00e3o do juiz Fl\u00e1vio Luiz da Costa, a institui\u00e7\u00e3o tem 24 horas para reintegrar os professores. A Est\u00e1cio de S\u00e1 tamb\u00e9m deve pagar os sal\u00e1rios referentes ao m\u00eas de dezembro, sendo observadas as horas extras realizadas, adicional noturno, quinqu\u00eanio e demais benef\u00edcios, como o 13\u00ba sal\u00e1rio.<\/p>\n<p>Pela decis\u00e3o, o Grupo Est\u00e1cio de S\u00e1 fica proibido de &#8220;realizar a dispensa coletiva de empregados sem pr\u00e9via negocia\u00e7\u00e3o coletiva com o respectivo sindicato profissional, sob pena de multa di\u00e1ria de R$ 10.000&#8243;. Uma audi\u00eancia foi agendada para o m\u00eas de janeiro, para que o magistrado acompanhe a negocia\u00e7\u00e3o coletiva.<\/p>\n<p>A a\u00e7\u00e3o que gerou a decis\u00e3o em car\u00e1ter liminar foi movida pelo Sindicato dos Professores do Estado de Alagoas (Sinpro\/AL), devido \u00e0&#8221;demiss\u00e3o sum\u00e1ria&#8221; dos profissionais. O Sindicato reivindicava a suspens\u00e3o das dispensas at\u00e9 que a faculdade fornecesse documentos solicitados, entre eles a rela\u00e7\u00e3o dos profissionais dispensados.<\/p>\n<p>Na decis\u00e3o, o juiz ressalta o entendimento do Tribunal Superior do Trabalho de que &#8220;a fim de minorar os efeitos perversos da dispensa coletiva, deve ser empreendido amplo e pr\u00e9vio di\u00e1logo, resguardando assim a livre negocia\u00e7\u00e3o coletiva e a democracia nas rela\u00e7\u00f5es entre capital e trabalho&#8221;.<\/p>\n<p>Decerto, \u00e9 crucial a observ\u00e2ncia do princ\u00edpio do di\u00e1logo social, porquanto a dispensa coletiva afeta n\u00e3o s\u00f3 a subsist\u00eancia de uma comunidade de trabalhadores, mas tamb\u00e9m enfraquece a pr\u00f3pria economia como um todo, j\u00e1 que com a redu\u00e7\u00e3o do consumo pela classe assalariada, tem-se a redu\u00e7\u00e3o da demanda por produtos e servi\u00e7os, o que tamb\u00e9m repercute, de forma prejudicial, no faturamento das empresas&#8221;, ressalta.<\/p>\n<p>O magistrado tamb\u00e9m solicitou que o Minist\u00e9rio P\u00fablico do Trabalho seja informado sobre a decis\u00e3o para que possa acompanhar a negocia\u00e7\u00e3o.<\/p>\n<p><strong>Fonte:<\/strong> Gazetaweb.com\/Eduardo Almeida<\/p>\n","protected":false},"excerpt":{"rendered":"<p>A Justi\u00e7a do Trabalho determinou, em car\u00e1ter liminar, que 30 professores demitidos da Faculdade Est\u00e1cio de S\u00e1 &#8211; FAL retornem imediatamente ao trabalho, sob pena de multa di\u00e1ria de R$ 10 mil. O grupo faz parte dos 1.200 profissionais desligados da institui\u00e7\u00e3o no Brasil ap\u00f3s a entrada em vigor da reforma trabalhista. De acordo com [&hellip;]<\/p>\n","protected":false},"author":4,"featured_media":2773,"comment_status":"open","ping_status":"open","sticky":false,"template":"","format":"standard","meta":{"footnotes":""},"categories":[4],"tags":[],"class_list":["post-4975","post","type-post","status-publish","format-standard","has-post-thumbnail","hentry","category-noticias-sinpro-al"],"_links":{"self":[{"href":"http:\/\/sinpro-al.com.br\/v2\/index.php?rest_route=\/wp\/v2\/posts\/4975","targetHints":{"allow":["GET"]}}],"collection":[{"href":"http:\/\/sinpro-al.com.br\/v2\/index.php?rest_route=\/wp\/v2\/posts"}],"about":[{"href":"http:\/\/sinpro-al.com.br\/v2\/index.php?rest_route=\/wp\/v2\/types\/post"}],"author":[{"embeddable":true,"href":"http:\/\/sinpro-al.com.br\/v2\/index.php?rest_route=\/wp\/v2\/users\/4"}],"replies":[{"embeddable":true,"href":"http:\/\/sinpro-al.com.br\/v2\/index.php?rest_route=%2Fwp%2Fv2%2Fcomments&post=4975"}],"version-history":[{"count":4,"href":"http:\/\/sinpro-al.com.br\/v2\/index.php?rest_route=\/wp\/v2\/posts\/4975\/revisions"}],"predecessor-version":[{"id":4979,"href":"http:\/\/sinpro-al.com.br\/v2\/index.php?rest_route=\/wp\/v2\/posts\/4975\/revisions\/4979"}],"wp:featuredmedia":[{"embeddable":true,"href":"http:\/\/sinpro-al.com.br\/v2\/index.php?rest_route=\/wp\/v2\/media\/2773"}],"wp:attachment":[{"href":"http:\/\/sinpro-al.com.br\/v2\/index.php?rest_route=%2Fwp%2Fv2%2Fmedia&parent=4975"}],"wp:term":[{"taxonomy":"category","embeddable":true,"href":"http:\/\/sinpro-al.com.br\/v2\/index.php?rest_route=%2Fwp%2Fv2%2Fcategories&post=4975"},{"taxonomy":"post_tag","embeddable":true,"href":"http:\/\/sinpro-al.com.br\/v2\/index.php?rest_route=%2Fwp%2Fv2%2Ftags&post=4975"}],"curies":[{"name":"wp","href":"https:\/\/api.w.org\/{rel}","templated":true}]}}