{"id":4969,"date":"2017-12-23T10:09:22","date_gmt":"2017-12-23T13:09:22","guid":{"rendered":"http:\/\/sinpro-al.com.br\/v2\/?p=4969"},"modified":"2017-12-23T14:33:30","modified_gmt":"2017-12-23T17:33:30","slug":"nota-de-pesar-16","status":"publish","type":"post","link":"http:\/\/sinpro-al.com.br\/v2\/?p=4969","title":{"rendered":"Nota de pesar"},"content":{"rendered":"<p><a href=\"http:\/\/sinpro-al.com.br\/v2\/wp-content\/uploads\/2017\/12\/IMG-20171223-WA0089.jpg\"><img loading=\"lazy\" decoding=\"async\" class=\"alignleft size-medium wp-image-4970\" src=\"http:\/\/sinpro-al.com.br\/v2\/wp-content\/uploads\/2017\/12\/IMG-20171223-WA0089-252x300.jpg\" alt=\"\" width=\"252\" height=\"300\" srcset=\"http:\/\/sinpro-al.com.br\/v2\/wp-content\/uploads\/2017\/12\/IMG-20171223-WA0089-252x300.jpg 252w, http:\/\/sinpro-al.com.br\/v2\/wp-content\/uploads\/2017\/12\/IMG-20171223-WA0089-768x914.jpg 768w, http:\/\/sinpro-al.com.br\/v2\/wp-content\/uploads\/2017\/12\/IMG-20171223-WA0089.jpg 818w\" sizes=\"auto, (max-width: 252px) 100vw, 252px\" \/><\/a>O Sindicato dos Professores de Alagoas (Sinpro\/AL) lamenta com profundo pesar o falecimento do professor Valdeci Odilon.<\/p>\n<p>Odilon dedicou sua vida a doc\u00eancia e atualmente lecionava nos col\u00e9gios Montessori e Di\u00f3genes Juc\u00e1.<\/p>\n<p>O sepultamento acontece hoje, 23\/12, \u00e0s 20h30 no Parque Macei\u00f3, no Benedito Bentes.<\/p>\n<p>Os professores alagoanos est\u00e3o de luto.<\/p>\n<p>Que Deus com sua infinita bondade conforte seus familiares e amigos nesse momento de dor e saudade.<\/p>\n<p>A Diretoria<\/p>\n<p>*<em><strong>Postagem atualizada \u00e0s 14h31<\/strong><\/em>.<\/p>\n","protected":false},"excerpt":{"rendered":"<p>O Sindicato dos Professores de Alagoas (Sinpro\/AL) lamenta com profundo pesar o falecimento do professor Valdeci Odilon. Odilon dedicou sua vida a doc\u00eancia e atualmente lecionava nos col\u00e9gios Montessori e Di\u00f3genes Juc\u00e1. O sepultamento acontece hoje, 23\/12, \u00e0s 20h30 no Parque Macei\u00f3, no Benedito Bentes. Os professores alagoanos est\u00e3o de luto. Que Deus com sua [&hellip;]<\/p>\n","protected":false},"author":4,"featured_media":4970,"comment_status":"open","ping_status":"open","sticky":false,"template":"","format":"standard","meta":{"footnotes":""},"categories":[4],"tags":[],"class_list":["post-4969","post","type-post","status-publish","format-standard","has-post-thumbnail","hentry","category-noticias-sinpro-al"],"_links":{"self":[{"href":"http:\/\/sinpro-al.com.br\/v2\/index.php?rest_route=\/wp\/v2\/posts\/4969","targetHints":{"allow":["GET"]}}],"collection":[{"href":"http:\/\/sinpro-al.com.br\/v2\/index.php?rest_route=\/wp\/v2\/posts"}],"about":[{"href":"http:\/\/sinpro-al.com.br\/v2\/index.php?rest_route=\/wp\/v2\/types\/post"}],"author":[{"embeddable":true,"href":"http:\/\/sinpro-al.com.br\/v2\/index.php?rest_route=\/wp\/v2\/users\/4"}],"replies":[{"embeddable":true,"href":"http:\/\/sinpro-al.com.br\/v2\/index.php?rest_route=%2Fwp%2Fv2%2Fcomments&post=4969"}],"version-history":[{"count":3,"href":"http:\/\/sinpro-al.com.br\/v2\/index.php?rest_route=\/wp\/v2\/posts\/4969\/revisions"}],"predecessor-version":[{"id":4973,"href":"http:\/\/sinpro-al.com.br\/v2\/index.php?rest_route=\/wp\/v2\/posts\/4969\/revisions\/4973"}],"wp:featuredmedia":[{"embeddable":true,"href":"http:\/\/sinpro-al.com.br\/v2\/index.php?rest_route=\/wp\/v2\/media\/4970"}],"wp:attachment":[{"href":"http:\/\/sinpro-al.com.br\/v2\/index.php?rest_route=%2Fwp%2Fv2%2Fmedia&parent=4969"}],"wp:term":[{"taxonomy":"category","embeddable":true,"href":"http:\/\/sinpro-al.com.br\/v2\/index.php?rest_route=%2Fwp%2Fv2%2Fcategories&post=4969"},{"taxonomy":"post_tag","embeddable":true,"href":"http:\/\/sinpro-al.com.br\/v2\/index.php?rest_route=%2Fwp%2Fv2%2Ftags&post=4969"}],"curies":[{"name":"wp","href":"https:\/\/api.w.org\/{rel}","templated":true}]}}