{"id":4963,"date":"2017-12-20T11:39:01","date_gmt":"2017-12-20T14:39:01","guid":{"rendered":"http:\/\/sinpro-al.com.br\/v2\/?p=4963"},"modified":"2017-12-20T11:41:34","modified_gmt":"2017-12-20T14:41:34","slug":"ferias-entenda-o-que-diz-a-convencao-coletiva-do-professores","status":"publish","type":"post","link":"http:\/\/sinpro-al.com.br\/v2\/?p=4963","title":{"rendered":"F\u00e9rias: entenda o que diz a Conven\u00e7\u00e3o Coletiva do professores"},"content":{"rendered":"<p><a href=\"http:\/\/sinpro-al.com.br\/v2\/wp-content\/uploads\/2017\/12\/IMG-20171220-WA0008.jpg\"><img loading=\"lazy\" decoding=\"async\" class=\"size-medium wp-image-4964 alignleft\" src=\"http:\/\/sinpro-al.com.br\/v2\/wp-content\/uploads\/2017\/12\/IMG-20171220-WA0008-300x300.jpg\" alt=\"\" width=\"300\" height=\"300\" srcset=\"http:\/\/sinpro-al.com.br\/v2\/wp-content\/uploads\/2017\/12\/IMG-20171220-WA0008-300x300.jpg 300w, http:\/\/sinpro-al.com.br\/v2\/wp-content\/uploads\/2017\/12\/IMG-20171220-WA0008-150x150.jpg 150w, http:\/\/sinpro-al.com.br\/v2\/wp-content\/uploads\/2017\/12\/IMG-20171220-WA0008-768x766.jpg 768w, http:\/\/sinpro-al.com.br\/v2\/wp-content\/uploads\/2017\/12\/IMG-20171220-WA0008-1024x1021.jpg 1024w, http:\/\/sinpro-al.com.br\/v2\/wp-content\/uploads\/2017\/12\/IMG-20171220-WA0008-45x45.jpg 45w, http:\/\/sinpro-al.com.br\/v2\/wp-content\/uploads\/2017\/12\/IMG-20171220-WA0008.jpg 1080w\" sizes=\"auto, (max-width: 300px) 100vw, 300px\" \/><\/a>A conven\u00e7\u00e3o coletiva do Sindicato dos Professores de Alagoas (Sinpro\/AL) destaca sobre as f\u00e9rias: &#8220;As f\u00e9rias ser\u00e3o coletivas, com dura\u00e7\u00e3o legal de 30 dias, preferencialmente em janeiro. \u00c9 vedado o estabelecimento de ensino solicitar reg\u00eancia de aula, trabalho ou exame nesse per\u00edodo.&#8221;<\/p>\n<p>Sobre a unifica\u00e7\u00e3o do recesso, os estabelecimentos de ensino conceder\u00e3o o recesso escolar unificado aos professores no per\u00edodo de 23\/6 a 7\/7, sendo o per\u00edodo de 23\/6 a 30\/6, como recesso geral sem atividades de 1\/7 a 7\/7 destinado ao planeamento pedag\u00f3gico.<\/p>\n<p>Vale ressaltar que o professor que n\u00e3o tiver completado o per\u00edodo aquisitivo no primeiro ano de trabalho, adiantando-se o pagamento das obriga\u00e7\u00f5es salarial e adicional integralmente, assegurando-se a dedu\u00e7\u00e3o no ato da rescis\u00e3o contratual do valor pago em car\u00e1ter antecipado.<\/p>\n<p>O Sindicato dos Professores informa que a partir de hoje, 20\/12, o entidade classista est\u00e1 de recesso e as atividades normativas ser\u00e3o retomadas no dia 8\/01 \u00e0s 9h.<\/p>\n<p>Toda diretoria do Sinpro deseja um feliz Natal e pr\u00f3spero 2018 para todos os docentes.<\/p>\n<p>Somos professores com orgulho e exigimos respeito!<\/p>\n","protected":false},"excerpt":{"rendered":"<p>A conven\u00e7\u00e3o coletiva do Sindicato dos Professores de Alagoas (Sinpro\/AL) destaca sobre as f\u00e9rias: &#8220;As f\u00e9rias ser\u00e3o coletivas, com dura\u00e7\u00e3o legal de 30 dias, preferencialmente em janeiro. \u00c9 vedado o estabelecimento de ensino solicitar reg\u00eancia de aula, trabalho ou exame nesse per\u00edodo.&#8221; Sobre a unifica\u00e7\u00e3o do recesso, os estabelecimentos de ensino conceder\u00e3o o recesso escolar [&hellip;]<\/p>\n","protected":false},"author":6,"featured_media":4964,"comment_status":"open","ping_status":"open","sticky":false,"template":"","format":"standard","meta":{"footnotes":""},"categories":[4],"tags":[],"class_list":["post-4963","post","type-post","status-publish","format-standard","has-post-thumbnail","hentry","category-noticias-sinpro-al"],"_links":{"self":[{"href":"http:\/\/sinpro-al.com.br\/v2\/index.php?rest_route=\/wp\/v2\/posts\/4963","targetHints":{"allow":["GET"]}}],"collection":[{"href":"http:\/\/sinpro-al.com.br\/v2\/index.php?rest_route=\/wp\/v2\/posts"}],"about":[{"href":"http:\/\/sinpro-al.com.br\/v2\/index.php?rest_route=\/wp\/v2\/types\/post"}],"author":[{"embeddable":true,"href":"http:\/\/sinpro-al.com.br\/v2\/index.php?rest_route=\/wp\/v2\/users\/6"}],"replies":[{"embeddable":true,"href":"http:\/\/sinpro-al.com.br\/v2\/index.php?rest_route=%2Fwp%2Fv2%2Fcomments&post=4963"}],"version-history":[{"count":1,"href":"http:\/\/sinpro-al.com.br\/v2\/index.php?rest_route=\/wp\/v2\/posts\/4963\/revisions"}],"predecessor-version":[{"id":4965,"href":"http:\/\/sinpro-al.com.br\/v2\/index.php?rest_route=\/wp\/v2\/posts\/4963\/revisions\/4965"}],"wp:featuredmedia":[{"embeddable":true,"href":"http:\/\/sinpro-al.com.br\/v2\/index.php?rest_route=\/wp\/v2\/media\/4964"}],"wp:attachment":[{"href":"http:\/\/sinpro-al.com.br\/v2\/index.php?rest_route=%2Fwp%2Fv2%2Fmedia&parent=4963"}],"wp:term":[{"taxonomy":"category","embeddable":true,"href":"http:\/\/sinpro-al.com.br\/v2\/index.php?rest_route=%2Fwp%2Fv2%2Fcategories&post=4963"},{"taxonomy":"post_tag","embeddable":true,"href":"http:\/\/sinpro-al.com.br\/v2\/index.php?rest_route=%2Fwp%2Fv2%2Ftags&post=4963"}],"curies":[{"name":"wp","href":"https:\/\/api.w.org\/{rel}","templated":true}]}}