{"id":4956,"date":"2017-12-19T22:20:50","date_gmt":"2017-12-20T01:20:50","guid":{"rendered":"http:\/\/sinpro-al.com.br\/v2\/?p=4956"},"modified":"2017-12-19T22:20:50","modified_gmt":"2017-12-20T01:20:50","slug":"atuacao-do-sinproal-mais-uma-vez-e-destaque-nacioanal","status":"publish","type":"post","link":"http:\/\/sinpro-al.com.br\/v2\/?p=4956","title":{"rendered":"Atua\u00e7\u00e3o do Sinpro\/AL mais uma vez \u00e9 destaque nacioanal"},"content":{"rendered":"<p><a href=\"http:\/\/sinpro-al.com.br\/v2\/wp-content\/uploads\/2017\/12\/atua\u00e7\u00e3o.jpg\"><img loading=\"lazy\" decoding=\"async\" class=\"alignleft size-medium wp-image-4958\" src=\"http:\/\/sinpro-al.com.br\/v2\/wp-content\/uploads\/2017\/12\/atua\u00e7\u00e3o-300x196.jpg\" alt=\"\" width=\"300\" height=\"196\" srcset=\"http:\/\/sinpro-al.com.br\/v2\/wp-content\/uploads\/2017\/12\/atua\u00e7\u00e3o-300x196.jpg 300w, http:\/\/sinpro-al.com.br\/v2\/wp-content\/uploads\/2017\/12\/atua\u00e7\u00e3o-768x503.jpg 768w, http:\/\/sinpro-al.com.br\/v2\/wp-content\/uploads\/2017\/12\/atua\u00e7\u00e3o.jpg 898w\" sizes=\"auto, (max-width: 300px) 100vw, 300px\" \/><\/a>As a\u00e7\u00f5es desenvolvidas pelo Sindicato dos Professores de Alagoas (Sinpr0\/AL) em defesa dos professores e em constante di\u00e1logo com a sociedade foi destaque nacional no portal da\u00a0Confedera\u00e7\u00e3o Nacional dos Trabalhadores em Estabelecimentos de Ensino\u00a0 (Contee). Dessa vez a Confedera\u00e7\u00e3o destacou a panfletagem dos diretores do Sinpro\/AL nas ruas de Arapiraca para intensificar a campanha: &#8220;Apagar o professor \u00e9 apagar o futuro\u201d.<\/p>\n<p>O presidente do Sinpro\/AL, Eduardo Vasconcelos, destacou que a campanha \u00e9 de extrema import\u00e2ncia na luta aos direitos dos trabalhadores. \u201cVamos fazer uma peregrina\u00e7\u00e3o pelos munic\u00edpios de Alagoas. N\u00e3o estamos s\u00f3 dialogando com a nossa categoria, mas tamb\u00e9m com toda a sociedade\u201d, exp\u00f4s o dirigente sindical.<\/p>\n<p><strong>Saiba mais:\u00a0<\/strong><\/p>\n<p><a href=\"http:\/\/sinpro-al.com.br\/v2\/?p=4947\">http:\/\/sinpro-al.com.br\/v2\/?p=4947<\/a><\/p>\n<p><a href=\"http:\/\/contee.org.br\/contee\/index.php\/2017\/12\/sinpro-de-alagoas-faz-panfletagem-no-centro-de-arapiraca\/\">http:\/\/contee.org.br\/contee\/index.php\/2017\/12\/sinpro-de-alagoas-faz-panfletagem-no-centro-de-arapiraca\/<\/a><\/p>\n<p>&nbsp;<\/p>\n<p>&nbsp;<\/p>\n","protected":false},"excerpt":{"rendered":"<p>As a\u00e7\u00f5es desenvolvidas pelo Sindicato dos Professores de Alagoas (Sinpr0\/AL) em defesa dos professores e em constante di\u00e1logo com a sociedade foi destaque nacional no portal da\u00a0Confedera\u00e7\u00e3o Nacional dos Trabalhadores em Estabelecimentos de Ensino\u00a0 (Contee). Dessa vez a Confedera\u00e7\u00e3o destacou a panfletagem dos diretores do Sinpro\/AL nas ruas de Arapiraca para intensificar a campanha: &#8220;Apagar [&hellip;]<\/p>\n","protected":false},"author":4,"featured_media":4958,"comment_status":"open","ping_status":"open","sticky":false,"template":"","format":"standard","meta":{"footnotes":""},"categories":[4],"tags":[],"class_list":["post-4956","post","type-post","status-publish","format-standard","has-post-thumbnail","hentry","category-noticias-sinpro-al"],"_links":{"self":[{"href":"http:\/\/sinpro-al.com.br\/v2\/index.php?rest_route=\/wp\/v2\/posts\/4956","targetHints":{"allow":["GET"]}}],"collection":[{"href":"http:\/\/sinpro-al.com.br\/v2\/index.php?rest_route=\/wp\/v2\/posts"}],"about":[{"href":"http:\/\/sinpro-al.com.br\/v2\/index.php?rest_route=\/wp\/v2\/types\/post"}],"author":[{"embeddable":true,"href":"http:\/\/sinpro-al.com.br\/v2\/index.php?rest_route=\/wp\/v2\/users\/4"}],"replies":[{"embeddable":true,"href":"http:\/\/sinpro-al.com.br\/v2\/index.php?rest_route=%2Fwp%2Fv2%2Fcomments&post=4956"}],"version-history":[{"count":2,"href":"http:\/\/sinpro-al.com.br\/v2\/index.php?rest_route=\/wp\/v2\/posts\/4956\/revisions"}],"predecessor-version":[{"id":4959,"href":"http:\/\/sinpro-al.com.br\/v2\/index.php?rest_route=\/wp\/v2\/posts\/4956\/revisions\/4959"}],"wp:featuredmedia":[{"embeddable":true,"href":"http:\/\/sinpro-al.com.br\/v2\/index.php?rest_route=\/wp\/v2\/media\/4958"}],"wp:attachment":[{"href":"http:\/\/sinpro-al.com.br\/v2\/index.php?rest_route=%2Fwp%2Fv2%2Fmedia&parent=4956"}],"wp:term":[{"taxonomy":"category","embeddable":true,"href":"http:\/\/sinpro-al.com.br\/v2\/index.php?rest_route=%2Fwp%2Fv2%2Fcategories&post=4956"},{"taxonomy":"post_tag","embeddable":true,"href":"http:\/\/sinpro-al.com.br\/v2\/index.php?rest_route=%2Fwp%2Fv2%2Ftags&post=4956"}],"curies":[{"name":"wp","href":"https:\/\/api.w.org\/{rel}","templated":true}]}}