{"id":4941,"date":"2017-12-18T09:56:24","date_gmt":"2017-12-18T12:56:24","guid":{"rendered":"http:\/\/sinpro-al.com.br\/v2\/?p=4941"},"modified":"2017-12-18T09:58:38","modified_gmt":"2017-12-18T12:58:38","slug":"recesso-ultimo-dia-de-atividade-no-sinproal-em-2017-sera-quarta-feira-2012","status":"publish","type":"post","link":"http:\/\/sinpro-al.com.br\/v2\/?p=4941","title":{"rendered":"Recesso: \u00faltimo dia de atividade no Sinpro\/AL em 2017 ser\u00e1 quarta-feira (20\/12)"},"content":{"rendered":"<div class=\"art-postheadericons art-metadata-icons\"><\/div>\n<div class=\"art-postcontent clearfix\">\n<p><a href=\"http:\/\/sinpro-al.com.br\/v2\/wp-content\/uploads\/2015\/12\/recesso-vvnvlkdfnv.png\"><img loading=\"lazy\" decoding=\"async\" class=\"size-medium wp-image-1879 alignleft\" src=\"http:\/\/sinpro-al.com.br\/v2\/wp-content\/uploads\/2015\/12\/recesso-vvnvlkdfnv-300x267.png\" sizes=\"auto, (max-width: 300px) 100vw, 300px\" srcset=\"http:\/\/sinpro-al.com.br\/v2\/wp-content\/uploads\/2015\/12\/recesso-vvnvlkdfnv-300x267.png 300w, http:\/\/sinpro-al.com.br\/v2\/wp-content\/uploads\/2015\/12\/recesso-vvnvlkdfnv.png 570w\" alt=\"Sinpro\/AL entra em recesso. Voltamos no dia 4\/01 \" width=\"300\" height=\"267\" \/><\/a><\/p>\n<p>O Sindicato dos Professores de Alagoas (Sinpro\/AL) iniciar\u00e1 o recesso de final de ano no dia 20\/12 e retornar\u00e1 suas atividades no dia 8\/1 de 2018, em hor\u00e1rio normativo de 9h \u00e0s 15h.<\/p>\n<p>O \u00faltimo dia de atividades no Sinpro\/AL ser\u00e1 na quarta-feira, 20\/12.<\/p>\n<p>Desde j\u00e1 o Sinpro\/AL agradece a compreens\u00e3o dos associados.<\/p>\n<p>Somos professores com orgulho e exigimos respeito!<\/p>\n<\/div>\n","protected":false},"excerpt":{"rendered":"<p>O Sindicato dos Professores de Alagoas (Sinpro\/AL) iniciar\u00e1 o recesso de final de ano no dia 20\/12 e retornar\u00e1 suas atividades no dia 8\/1 de 2018, em hor\u00e1rio normativo de 9h \u00e0s 15h. O \u00faltimo dia de atividades no Sinpro\/AL ser\u00e1 na quarta-feira, 20\/12. Desde j\u00e1 o Sinpro\/AL agradece a compreens\u00e3o dos associados. Somos professores [&hellip;]<\/p>\n","protected":false},"author":6,"featured_media":4943,"comment_status":"open","ping_status":"open","sticky":false,"template":"","format":"standard","meta":{"footnotes":""},"categories":[4],"tags":[],"class_list":["post-4941","post","type-post","status-publish","format-standard","has-post-thumbnail","hentry","category-noticias-sinpro-al"],"_links":{"self":[{"href":"http:\/\/sinpro-al.com.br\/v2\/index.php?rest_route=\/wp\/v2\/posts\/4941","targetHints":{"allow":["GET"]}}],"collection":[{"href":"http:\/\/sinpro-al.com.br\/v2\/index.php?rest_route=\/wp\/v2\/posts"}],"about":[{"href":"http:\/\/sinpro-al.com.br\/v2\/index.php?rest_route=\/wp\/v2\/types\/post"}],"author":[{"embeddable":true,"href":"http:\/\/sinpro-al.com.br\/v2\/index.php?rest_route=\/wp\/v2\/users\/6"}],"replies":[{"embeddable":true,"href":"http:\/\/sinpro-al.com.br\/v2\/index.php?rest_route=%2Fwp%2Fv2%2Fcomments&post=4941"}],"version-history":[{"count":2,"href":"http:\/\/sinpro-al.com.br\/v2\/index.php?rest_route=\/wp\/v2\/posts\/4941\/revisions"}],"predecessor-version":[{"id":4945,"href":"http:\/\/sinpro-al.com.br\/v2\/index.php?rest_route=\/wp\/v2\/posts\/4941\/revisions\/4945"}],"wp:featuredmedia":[{"embeddable":true,"href":"http:\/\/sinpro-al.com.br\/v2\/index.php?rest_route=\/wp\/v2\/media\/4943"}],"wp:attachment":[{"href":"http:\/\/sinpro-al.com.br\/v2\/index.php?rest_route=%2Fwp%2Fv2%2Fmedia&parent=4941"}],"wp:term":[{"taxonomy":"category","embeddable":true,"href":"http:\/\/sinpro-al.com.br\/v2\/index.php?rest_route=%2Fwp%2Fv2%2Fcategories&post=4941"},{"taxonomy":"post_tag","embeddable":true,"href":"http:\/\/sinpro-al.com.br\/v2\/index.php?rest_route=%2Fwp%2Fv2%2Ftags&post=4941"}],"curies":[{"name":"wp","href":"https:\/\/api.w.org\/{rel}","templated":true}]}}