{"id":4933,"date":"2017-12-15T14:57:20","date_gmt":"2017-12-15T17:57:20","guid":{"rendered":"http:\/\/sinpro-al.com.br\/v2\/?p=4933"},"modified":"2017-12-15T15:09:07","modified_gmt":"2017-12-15T18:09:07","slug":"sinproal-ingressa-com-acao-civil-publica-contra-estacio","status":"publish","type":"post","link":"http:\/\/sinpro-al.com.br\/v2\/?p=4933","title":{"rendered":"Sinpro\/AL ingressa com A\u00e7\u00e3o Civil P\u00fablica contra Est\u00e1cio"},"content":{"rendered":"<p><a href=\"http:\/\/sinpro-al.com.br\/v2\/wp-content\/uploads\/2017\/08\/educa\u00e7\u00e3o-n\u00e3o-\u00e9-mercadoria.jpg\"><img loading=\"lazy\" decoding=\"async\" class=\"alignleft size-medium wp-image-4396\" src=\"http:\/\/sinpro-al.com.br\/v2\/wp-content\/uploads\/2017\/08\/educa\u00e7\u00e3o-n\u00e3o-\u00e9-mercadoria-237x300.jpg\" alt=\"\" width=\"237\" height=\"300\" srcset=\"http:\/\/sinpro-al.com.br\/v2\/wp-content\/uploads\/2017\/08\/educa\u00e7\u00e3o-n\u00e3o-\u00e9-mercadoria-237x300.jpg 237w, http:\/\/sinpro-al.com.br\/v2\/wp-content\/uploads\/2017\/08\/educa\u00e7\u00e3o-n\u00e3o-\u00e9-mercadoria-768x973.jpg 768w, http:\/\/sinpro-al.com.br\/v2\/wp-content\/uploads\/2017\/08\/educa\u00e7\u00e3o-n\u00e3o-\u00e9-mercadoria-808x1024.jpg 808w, http:\/\/sinpro-al.com.br\/v2\/wp-content\/uploads\/2017\/08\/educa\u00e7\u00e3o-n\u00e3o-\u00e9-mercadoria.jpg 1200w\" sizes=\"auto, (max-width: 237px) 100vw, 237px\" \/><\/a>Assessoria jur\u00eddica do Sindicato dos Professores de Alagoas (Sinpro\/AL) ingressou com uma A\u00e7\u00e3o Civil P\u00fablica, com pedido de antecipa\u00e7\u00e3o de tutela, n\u00famero 0001653-85.2017.5.19.0002, na 2\u00aa \u00a0Vara do Trabalho de Macei\u00f3 contra Est\u00e1cio. A medida visa evitar que ocorram novas dispensas sem motiva\u00e7\u00e3o, at\u00e9 que a demandada apresente manifesta\u00e7\u00e3o.<\/p>\n<p>A\u00e7\u00e3o narra que \u201cDiversos professores j\u00e1 estavam em sala de aula quando da abordagem e imediata dispensa e outros foram impedidos de irem at\u00e9 as salas de aula no momento em que foram surpreendidos. Ressalte-se que houve a absurda situa\u00e7\u00e3o de turmas em que o professor foi retirado de sala sem nenhuma explica\u00e7\u00e3o ou esclarecimento, n\u00e3o havendo sequer a aplica\u00e7\u00e3o de provas (exames\/avalia\u00e7\u00f5es) at\u00e9 as 22:00 horas\u201d.<\/p>\n<p>Toda diretoria do Sindicato dos Professores de Alagoas repudia tal atitude dos gestores do estabelecimento de ensino, como j\u00e1 foi colocado em nota p\u00fablica na semana passada (<strong>leia mais:<\/strong>\u00a0<a href=\"http:\/\/sinpro-al.com.br\/v2\/?p=4904\">http:\/\/sinpro-al.com.br\/v2\/?p=4904<\/a> ). O estabelecimento de ensino visa agindo de forma intransigente com os docentes precarizar as rela\u00e7\u00f5es trabalhistas, priorizando somente e apenas o lucro.<\/p>\n<p>A\u00e7\u00e3o movida pelo Sinpro\/AL pede que: A Est\u00e1cio suspenda imediatamente as dispensas sum\u00e1rias e imotivadas ocorridas dos professores at\u00e9 que sejam fornecidos os documentos a seguir listados, garantindo-se, assim, a imediata e efetiva tutela provis\u00f3ria, nos termos do art. 297 do CPC;<\/p>\n<p>Seja fixada multa di\u00e1ria de R$50.000,00 por descumprimento de decis\u00e3o judicial (astreintes) a fim de garantir a efetividade pr\u00e1tica da ordem judicial provis\u00f3ria, com alicerce nos arts. 139, inc. IV; 297 \u00a7\u00fanico; e 536, \u00a71\u00b0 c\/c 537, todos do CPC e<\/p>\n<p>Que a Faculdade junte aos autos as listas que contenham os nomes dos professores que foram dispensados, com os respectivos TRCT\u2019s ou documentos equivalentes; dos trabalhadores em vias de serem dispensados; bem como a lista dos que ser\u00e3o contratados ou recontratados, concedendo-se para esta finalidade o prazo de 48 horas, sob pena de multa di\u00e1ria de R$50.000,00 (cinquenta mil reais), e no mesmo valor para cada dispensa procedida at\u00e9 o fornecimento da documenta\u00e7\u00e3o requerida.<\/p>\n<p><strong>Efeito pr\u00e1tico<\/strong><\/p>\n<p>Ap\u00f3s a Est\u00e1cio ser noticiada pela Justi\u00e7a do Trabalho, o o estabelecimento suspendeu, at\u00e9 o momento, as homologa\u00e7\u00f5es das rescis\u00f5es contratuais. O Sindicato dos Professores de Alagoas espera que o pedido de antecipa\u00e7\u00e3o de tutela seja acatado pela magistrada, que julga o caso, para que os direitos dos trabalhadores sejam resguardados.<\/p>\n<p>Somos professores com orgulho e exigimos respeito!<\/p>\n","protected":false},"excerpt":{"rendered":"<p>Assessoria jur\u00eddica do Sindicato dos Professores de Alagoas (Sinpro\/AL) ingressou com uma A\u00e7\u00e3o Civil P\u00fablica, com pedido de antecipa\u00e7\u00e3o de tutela, n\u00famero 0001653-85.2017.5.19.0002, na 2\u00aa \u00a0Vara do Trabalho de Macei\u00f3 contra Est\u00e1cio. A medida visa evitar que ocorram novas dispensas sem motiva\u00e7\u00e3o, at\u00e9 que a demandada apresente manifesta\u00e7\u00e3o. A\u00e7\u00e3o narra que \u201cDiversos professores j\u00e1 estavam [&hellip;]<\/p>\n","protected":false},"author":4,"featured_media":1044,"comment_status":"open","ping_status":"open","sticky":false,"template":"","format":"standard","meta":{"footnotes":""},"categories":[4],"tags":[],"class_list":["post-4933","post","type-post","status-publish","format-standard","has-post-thumbnail","hentry","category-noticias-sinpro-al"],"_links":{"self":[{"href":"http:\/\/sinpro-al.com.br\/v2\/index.php?rest_route=\/wp\/v2\/posts\/4933","targetHints":{"allow":["GET"]}}],"collection":[{"href":"http:\/\/sinpro-al.com.br\/v2\/index.php?rest_route=\/wp\/v2\/posts"}],"about":[{"href":"http:\/\/sinpro-al.com.br\/v2\/index.php?rest_route=\/wp\/v2\/types\/post"}],"author":[{"embeddable":true,"href":"http:\/\/sinpro-al.com.br\/v2\/index.php?rest_route=\/wp\/v2\/users\/4"}],"replies":[{"embeddable":true,"href":"http:\/\/sinpro-al.com.br\/v2\/index.php?rest_route=%2Fwp%2Fv2%2Fcomments&post=4933"}],"version-history":[{"count":7,"href":"http:\/\/sinpro-al.com.br\/v2\/index.php?rest_route=\/wp\/v2\/posts\/4933\/revisions"}],"predecessor-version":[{"id":4940,"href":"http:\/\/sinpro-al.com.br\/v2\/index.php?rest_route=\/wp\/v2\/posts\/4933\/revisions\/4940"}],"wp:featuredmedia":[{"embeddable":true,"href":"http:\/\/sinpro-al.com.br\/v2\/index.php?rest_route=\/wp\/v2\/media\/1044"}],"wp:attachment":[{"href":"http:\/\/sinpro-al.com.br\/v2\/index.php?rest_route=%2Fwp%2Fv2%2Fmedia&parent=4933"}],"wp:term":[{"taxonomy":"category","embeddable":true,"href":"http:\/\/sinpro-al.com.br\/v2\/index.php?rest_route=%2Fwp%2Fv2%2Fcategories&post=4933"},{"taxonomy":"post_tag","embeddable":true,"href":"http:\/\/sinpro-al.com.br\/v2\/index.php?rest_route=%2Fwp%2Fv2%2Ftags&post=4933"}],"curies":[{"name":"wp","href":"https:\/\/api.w.org\/{rel}","templated":true}]}}