{"id":4926,"date":"2017-12-13T12:59:17","date_gmt":"2017-12-13T15:59:17","guid":{"rendered":"http:\/\/sinpro-al.com.br\/v2\/?p=4926"},"modified":"2017-12-13T13:01:44","modified_gmt":"2017-12-13T16:01:44","slug":"convocacao-assembleia-geral-extraordinaria-arapiraca","status":"publish","type":"post","link":"http:\/\/sinpro-al.com.br\/v2\/?p=4926","title":{"rendered":"EDITAL DE CONVOCA\u00c7\u00c3O: Assembl\u00e9ia Geral Extraordin\u00e1ria &#8211; Arapiraca"},"content":{"rendered":"<p class=\"x_gmail-MsoNormal\"><b>O Sindicato dos Professores de Alagoas (Sinpro\/AL) convoca uma assembleia extraordin\u00e1ria para s\u00e1bado, 16\/12 do corrente ano, exclusivamente para o corpo docente do ensino b\u00e1sico dos estabelecimentos de ensino privado de Arapiraca. Assembleia ser\u00e1 realizada no Audit\u00f3rio\u00a0 da Universidade Estadual de Alagoas (UNEAL), que\u00a0fica na Rua Governador Luiz Cavalcante, s\/n, Alto do Cruzeiro, em Arapiraca.<\/b><\/p>\n<p class=\"x_gmail-MsoNormal\"><b>A assembleia tem como pauta: a unifica\u00e7\u00e3o do calend\u00e1rio de f\u00e9rias e recesso da categoria do ano 2018<\/b><\/p>\n<p class=\"x_gmail-MsoNormal\"><b>A primeira chamada para o in\u00edcio da Assembleia ser\u00e1 \u00e0s 8h30, e a segunda 9h.<\/b><\/p>\n<p class=\"x_gmail-MsoListParagraphCxSpFirst\"><b>\u00a0<\/b><\/p>\n<p class=\"x_gmail-MsoListParagraphCxSpMiddle\" align=\"center\"><b>\u00a0<\/b><\/p>\n<p class=\"x_gmail-MsoListParagraphCxSpMiddle\" align=\"center\"><b>\u00a0<\/b><\/p>\n<p class=\"x_gmail-MsoListParagraphCxSpMiddle\" align=\"center\"><b>EDUARDO VASCONCELOS<\/b><\/p>\n<p class=\"x_gmail-MsoListParagraphCxSpLast\" align=\"center\"><b>DIRETOR-PRESIDENTE DO SINPRO DE ALAGOAS<\/b><\/p>\n<p class=\"x_gmail-MsoNormal\">\n","protected":false},"excerpt":{"rendered":"<p>O Sindicato dos Professores de Alagoas (Sinpro\/AL) convoca uma assembleia extraordin\u00e1ria para s\u00e1bado, 16\/12 do corrente ano, exclusivamente para o corpo docente do ensino b\u00e1sico dos estabelecimentos de ensino privado de Arapiraca. Assembleia ser\u00e1 realizada no Audit\u00f3rio\u00a0 da Universidade Estadual de Alagoas (UNEAL), que\u00a0fica na Rua Governador Luiz Cavalcante, s\/n, Alto do Cruzeiro, em Arapiraca. [&hellip;]<\/p>\n","protected":false},"author":6,"featured_media":4923,"comment_status":"open","ping_status":"open","sticky":false,"template":"","format":"standard","meta":{"footnotes":""},"categories":[4],"tags":[],"class_list":["post-4926","post","type-post","status-publish","format-standard","has-post-thumbnail","hentry","category-noticias-sinpro-al"],"_links":{"self":[{"href":"http:\/\/sinpro-al.com.br\/v2\/index.php?rest_route=\/wp\/v2\/posts\/4926","targetHints":{"allow":["GET"]}}],"collection":[{"href":"http:\/\/sinpro-al.com.br\/v2\/index.php?rest_route=\/wp\/v2\/posts"}],"about":[{"href":"http:\/\/sinpro-al.com.br\/v2\/index.php?rest_route=\/wp\/v2\/types\/post"}],"author":[{"embeddable":true,"href":"http:\/\/sinpro-al.com.br\/v2\/index.php?rest_route=\/wp\/v2\/users\/6"}],"replies":[{"embeddable":true,"href":"http:\/\/sinpro-al.com.br\/v2\/index.php?rest_route=%2Fwp%2Fv2%2Fcomments&post=4926"}],"version-history":[{"count":3,"href":"http:\/\/sinpro-al.com.br\/v2\/index.php?rest_route=\/wp\/v2\/posts\/4926\/revisions"}],"predecessor-version":[{"id":4928,"href":"http:\/\/sinpro-al.com.br\/v2\/index.php?rest_route=\/wp\/v2\/posts\/4926\/revisions\/4928"}],"wp:featuredmedia":[{"embeddable":true,"href":"http:\/\/sinpro-al.com.br\/v2\/index.php?rest_route=\/wp\/v2\/media\/4923"}],"wp:attachment":[{"href":"http:\/\/sinpro-al.com.br\/v2\/index.php?rest_route=%2Fwp%2Fv2%2Fmedia&parent=4926"}],"wp:term":[{"taxonomy":"category","embeddable":true,"href":"http:\/\/sinpro-al.com.br\/v2\/index.php?rest_route=%2Fwp%2Fv2%2Fcategories&post=4926"},{"taxonomy":"post_tag","embeddable":true,"href":"http:\/\/sinpro-al.com.br\/v2\/index.php?rest_route=%2Fwp%2Fv2%2Ftags&post=4926"}],"curies":[{"name":"wp","href":"https:\/\/api.w.org\/{rel}","templated":true}]}}