{"id":4921,"date":"2017-12-13T11:42:38","date_gmt":"2017-12-13T14:42:38","guid":{"rendered":"http:\/\/sinpro-al.com.br\/v2\/?p=4921"},"modified":"2017-12-13T12:57:45","modified_gmt":"2017-12-13T15:57:45","slug":"edital-de-convocacao-assembleia-geral-extraordinaria","status":"publish","type":"post","link":"http:\/\/sinpro-al.com.br\/v2\/?p=4921","title":{"rendered":"EDITAL DE CONVOCA\u00c7\u00c3O: Assembl\u00e9ia Geral Extraordin\u00e1ria Macei\u00f3"},"content":{"rendered":"<p><strong>ASSEMBL\u00c9IA<\/strong><b> GERAL EXTRAORDIN\u00c1RIA<\/b><\/p>\n<p class=\"x_gmail-MsoNormal\">O Sindicato dos Professores do Estado de Alagoas, SINPRO\/AL, CNPJ 00.408.800\/0001-46, em cumprimento ao disposto no Art. 534, da Consolida\u00e7\u00e3o das Leis do Trabalho \u2013 CLT, combinado com o Art. 22, inciso II, da Portaria n\u00ba 186, de 10 de abril de 2008, do Minist\u00e9rio do Trabalho e Emprego, e com o seu Estatuto Social, convoca os trabalhadores filiados, empregados nas Institui\u00e7\u00f5es Privadas de Ensino do Estado de Alagoas, para a\u00a0ASSEMBL\u00c9IA GERAL EXTRAORDIN\u00c1RIA DE RETIFICA\u00c7\u00c3O, a realizar-se na sua sede administrativa, na\u00a0<a href=\"https:\/\/maps.google.com\/?q=Rua+Santa+Cruz,+N%C2%BA+352&amp;entry=gmail&amp;source=g\" target=\"_blank\" rel=\"noopener noreferrer\">Rua Santa Cruz, N\u00ba 352<\/a>, bairro: Farol, CEP: 57.051-590 &#8211; cidade de Macei\u00f3, Estado de Alagoas, em\u00a0primeira CONVOCA\u00c7\u00c3O, \u00e0s 12h(doze) e, em segunda CONVOCA\u00c7\u00c3O, \u00e0s 12H30 (doze horas e trinta minutos), do dia 16 (dezesseis) de dezembro de 2017,\u00a0para deliberarem sobre a seguinte ordem do dia: 1)autorizar a Entidade a desfiar-se da Federa\u00e7\u00e3o dos Trabalhadores em Estabelecimentos de Ensino do Norte e Nordeste \u2013 FETEENE, CNPJ n\u00ba 09.055.732-53, localizada na Rua Dr. Pedro Jord\u00e3o, N\u00ba 36, Maur\u00edcio de Nassau, Caruaru \u2013 PE, CEP: 55.012-640; 2) a participar da cria\u00e7\u00e3o, funda\u00e7\u00e3o e filia\u00e7\u00e3o, por desmembramento desta da Federa\u00e7\u00e3o Interestadual dos Trabalhadores em Estabelecimento de Ensino Privado do Nordeste \u2013 FITRAENE.<\/p>\n<p class=\"x_gmail-MsoNormal\"><b>\u00a0Macei\u00f3 (AL), 01 de novembro de 2017.<\/b><\/p>\n<p class=\"x_gmail-MsoNormal\"><b>\u00a0Eduardo Jorge Vasconcelos de Lima<\/b><\/p>\n<p class=\"x_gmail-MsoNormal\"><b>Presidente do Sindicato<\/b><\/p>\n","protected":false},"excerpt":{"rendered":"<p>ASSEMBL\u00c9IA GERAL EXTRAORDIN\u00c1RIA O Sindicato dos Professores do Estado de Alagoas, SINPRO\/AL, CNPJ 00.408.800\/0001-46, em cumprimento ao disposto no Art. 534, da Consolida\u00e7\u00e3o das Leis do Trabalho \u2013 CLT, combinado com o Art. 22, inciso II, da Portaria n\u00ba 186, de 10 de abril de 2008, do Minist\u00e9rio do Trabalho e Emprego, e com o [&hellip;]<\/p>\n","protected":false},"author":6,"featured_media":4923,"comment_status":"open","ping_status":"open","sticky":false,"template":"","format":"standard","meta":{"footnotes":""},"categories":[4],"tags":[],"class_list":["post-4921","post","type-post","status-publish","format-standard","has-post-thumbnail","hentry","category-noticias-sinpro-al"],"_links":{"self":[{"href":"http:\/\/sinpro-al.com.br\/v2\/index.php?rest_route=\/wp\/v2\/posts\/4921","targetHints":{"allow":["GET"]}}],"collection":[{"href":"http:\/\/sinpro-al.com.br\/v2\/index.php?rest_route=\/wp\/v2\/posts"}],"about":[{"href":"http:\/\/sinpro-al.com.br\/v2\/index.php?rest_route=\/wp\/v2\/types\/post"}],"author":[{"embeddable":true,"href":"http:\/\/sinpro-al.com.br\/v2\/index.php?rest_route=\/wp\/v2\/users\/6"}],"replies":[{"embeddable":true,"href":"http:\/\/sinpro-al.com.br\/v2\/index.php?rest_route=%2Fwp%2Fv2%2Fcomments&post=4921"}],"version-history":[{"count":2,"href":"http:\/\/sinpro-al.com.br\/v2\/index.php?rest_route=\/wp\/v2\/posts\/4921\/revisions"}],"predecessor-version":[{"id":4925,"href":"http:\/\/sinpro-al.com.br\/v2\/index.php?rest_route=\/wp\/v2\/posts\/4921\/revisions\/4925"}],"wp:featuredmedia":[{"embeddable":true,"href":"http:\/\/sinpro-al.com.br\/v2\/index.php?rest_route=\/wp\/v2\/media\/4923"}],"wp:attachment":[{"href":"http:\/\/sinpro-al.com.br\/v2\/index.php?rest_route=%2Fwp%2Fv2%2Fmedia&parent=4921"}],"wp:term":[{"taxonomy":"category","embeddable":true,"href":"http:\/\/sinpro-al.com.br\/v2\/index.php?rest_route=%2Fwp%2Fv2%2Fcategories&post=4921"},{"taxonomy":"post_tag","embeddable":true,"href":"http:\/\/sinpro-al.com.br\/v2\/index.php?rest_route=%2Fwp%2Fv2%2Ftags&post=4921"}],"curies":[{"name":"wp","href":"https:\/\/api.w.org\/{rel}","templated":true}]}}