{"id":4917,"date":"2017-12-12T13:30:51","date_gmt":"2017-12-12T16:30:51","guid":{"rendered":"http:\/\/sinpro-al.com.br\/v2\/?p=4917"},"modified":"2017-12-12T13:30:51","modified_gmt":"2017-12-12T16:30:51","slug":"assim-como-sinproal-oabal-publica-nota-de-repudio-contra-estacio","status":"publish","type":"post","link":"http:\/\/sinpro-al.com.br\/v2\/?p=4917","title":{"rendered":"Assim como Sinpro\/AL, OAB\/AL publica nota de rep\u00fadio contra Est\u00e1cio"},"content":{"rendered":"<p><a href=\"http:\/\/sinpro-al.com.br\/v2\/wp-content\/uploads\/2017\/12\/oab2.jpg\"><img loading=\"lazy\" decoding=\"async\" class=\"size-medium wp-image-4918 alignleft\" src=\"http:\/\/sinpro-al.com.br\/v2\/wp-content\/uploads\/2017\/12\/oab2-300x198.jpg\" alt=\"\" width=\"300\" height=\"198\" srcset=\"http:\/\/sinpro-al.com.br\/v2\/wp-content\/uploads\/2017\/12\/oab2-300x198.jpg 300w, http:\/\/sinpro-al.com.br\/v2\/wp-content\/uploads\/2017\/12\/oab2-768x508.jpg 768w, http:\/\/sinpro-al.com.br\/v2\/wp-content\/uploads\/2017\/12\/oab2.jpg 800w\" sizes=\"auto, (max-width: 300px) 100vw, 300px\" \/><\/a>NOTA DE REP\u00daDIO OAB\/AL<\/p>\n<p>A OAB \/AL, atrav\u00e9s da Comiss\u00e3o de Ensino Jur\u00eddico, manifesta o seu repudio \u00e0 demiss\u00e3o Coletiva anunciada pela Sociedade de Ensino Superior Est\u00e1cio de S\u00e1 LTDA (Universidade Est\u00e1cio de S\u00e1) de pelo menos 1.200 docentes em todo o pa\u00eds, dentre os quais, s\u00e3o contabilizados professores vinculados \u00e0 Unidade de Macei\u00f3, incluindo tamb\u00e9m professores advogados do curso de Direito desta IES.<\/p>\n<p>Os professores que foram desligados sumariamente, sem qualquer justificativa plaus\u00edvel ou di\u00e1logo, antes da conclus\u00e3o do per\u00edodo letivo, possuem anos de dedica\u00e7\u00e3o ao ensino, foram muitas vezes premiados pela pr\u00f3pria Institui\u00e7\u00e3o e participaram da forma\u00e7\u00e3o de diversos alunos, que hoje ocupam diversas carreiras jur\u00eddicas no Estado de Alagoas.<\/p>\n<p>Alguns dos docentes estavam cumprindo suas atividades acad\u00eamicas em sala de aula, no hor\u00e1rio de suas aulas, quando foram chamados a se retirar para ter ci\u00eancia do desligamento, sem ter a oportunidade de sequer dar satisfa\u00e7\u00e3o aos seus alunos e despedir-se destes.<\/p>\n<p>A medida adotada pela Institui\u00e7\u00e3o revela-se como n\u00edtida precariza\u00e7\u00e3o das rela\u00e7\u00f5es de trabalho, afrontando princ\u00edpios previstos na CF\/88, que s\u00e3o de observ\u00e2ncia obrigat\u00f3ria pelas Institui\u00e7\u00f5es de Ensino, notadamente o da Dignidade da Pessoa Humana (art. 1, III, CF), dos valores sociais do trabalho (art 1, IV, CF); da valoriza\u00e7\u00e3o do trabalho Humano (art. 179, caput, CF); da proibi\u00e7\u00e3o de dispensa arbitr\u00e1ria e sem justa causa (art. 7, I, CF) e do primado do Trabalho (art. 193, CF).<\/p>\n<p>Os preju\u00edzos decorrentes desta demiss\u00e3o coletiva extrapolam os limites individuais de cada professor demitido, pois atingem direta e negativamente suas fam\u00edlias, discentes, o mercado de trabalho e a sociedade como um todo, j\u00e1 que as demiss\u00f5es vieram com a proposta de reestrutura\u00e7\u00e3o de redu\u00e7\u00e3o de custos, objetivando recontratar novos docentes em contrato de trabalho com valores inferiores aos antigos, trazendo risco \u00e0 qualidade de ensino.<\/p>\n<p>Deste modo, a OAB\/AL, atrav\u00e9s da Comiss\u00e3o de Ensino Jur\u00eddico de Alagoas, manifesta sua absoluta indigna\u00e7\u00e3o com a demiss\u00e3o coletiva promovida pela referida Institui\u00e7\u00e3o, sem pr\u00e9via negocia\u00e7\u00e3o Coletiva com o Sindicato, e de forma vexat\u00f3ria.<\/p>\n<p><strong>Comiss\u00e3o de Ensino Jur\u00eddico da OAB\/AL<\/strong><\/p>\n","protected":false},"excerpt":{"rendered":"<p>NOTA DE REP\u00daDIO OAB\/AL A OAB \/AL, atrav\u00e9s da Comiss\u00e3o de Ensino Jur\u00eddico, manifesta o seu repudio \u00e0 demiss\u00e3o Coletiva anunciada pela Sociedade de Ensino Superior Est\u00e1cio de S\u00e1 LTDA (Universidade Est\u00e1cio de S\u00e1) de pelo menos 1.200 docentes em todo o pa\u00eds, dentre os quais, s\u00e3o contabilizados professores vinculados \u00e0 Unidade de Macei\u00f3, incluindo [&hellip;]<\/p>\n","protected":false},"author":6,"featured_media":4918,"comment_status":"open","ping_status":"open","sticky":false,"template":"","format":"standard","meta":{"footnotes":""},"categories":[4],"tags":[],"class_list":["post-4917","post","type-post","status-publish","format-standard","has-post-thumbnail","hentry","category-noticias-sinpro-al"],"_links":{"self":[{"href":"http:\/\/sinpro-al.com.br\/v2\/index.php?rest_route=\/wp\/v2\/posts\/4917","targetHints":{"allow":["GET"]}}],"collection":[{"href":"http:\/\/sinpro-al.com.br\/v2\/index.php?rest_route=\/wp\/v2\/posts"}],"about":[{"href":"http:\/\/sinpro-al.com.br\/v2\/index.php?rest_route=\/wp\/v2\/types\/post"}],"author":[{"embeddable":true,"href":"http:\/\/sinpro-al.com.br\/v2\/index.php?rest_route=\/wp\/v2\/users\/6"}],"replies":[{"embeddable":true,"href":"http:\/\/sinpro-al.com.br\/v2\/index.php?rest_route=%2Fwp%2Fv2%2Fcomments&post=4917"}],"version-history":[{"count":1,"href":"http:\/\/sinpro-al.com.br\/v2\/index.php?rest_route=\/wp\/v2\/posts\/4917\/revisions"}],"predecessor-version":[{"id":4919,"href":"http:\/\/sinpro-al.com.br\/v2\/index.php?rest_route=\/wp\/v2\/posts\/4917\/revisions\/4919"}],"wp:featuredmedia":[{"embeddable":true,"href":"http:\/\/sinpro-al.com.br\/v2\/index.php?rest_route=\/wp\/v2\/media\/4918"}],"wp:attachment":[{"href":"http:\/\/sinpro-al.com.br\/v2\/index.php?rest_route=%2Fwp%2Fv2%2Fmedia&parent=4917"}],"wp:term":[{"taxonomy":"category","embeddable":true,"href":"http:\/\/sinpro-al.com.br\/v2\/index.php?rest_route=%2Fwp%2Fv2%2Fcategories&post=4917"},{"taxonomy":"post_tag","embeddable":true,"href":"http:\/\/sinpro-al.com.br\/v2\/index.php?rest_route=%2Fwp%2Fv2%2Ftags&post=4917"}],"curies":[{"name":"wp","href":"https:\/\/api.w.org\/{rel}","templated":true}]}}